{"id":174924,"date":"2020-06-18T14:50:16","date_gmt":"2020-06-18T17:50:16","guid":{"rendered":"https:\/\/www.caririemacao.com\/1\/?p=174924"},"modified":"2020-06-18T14:50:16","modified_gmt":"2020-06-18T17:50:16","slug":"professor-paraibano-e-cotado-para-assumir-o-ministerio-da-educacao","status":"publish","type":"post","link":"https:\/\/www.caririemacao.com\/1\/2020\/06\/18\/professor-paraibano-e-cotado-para-assumir-o-ministerio-da-educacao\/","title":{"rendered":"Professor paraibano \u00e9 cotado para assumir o Minist\u00e9rio da Educa\u00e7\u00e3o"},"content":{"rendered":"\n<h1 class=\"wp-block-heading\"><a href=\"https:\/\/blogdomaxsilva.com.br\/professor-paraibano-e-cotado-para-assumir-o-ministerio-da-educacao\/#\"><\/a><\/h1>\n\n\n\n<p>Em mat\u00e9ria publicada na vers\u00e3o online, o Jornal Folha de S\u00e3o Paulo traz nomes cotados dentro do Governo Bolsonaro para substituir o atual ministro da Educa\u00e7\u00e3o, Abraham Weintraub.<\/p>\n\n\n\n<p>Entre os nomes, aparece o professor Benedito Aguiar, atual presidente da Coordena\u00e7\u00e3o de Aperfei\u00e7oamento de Pessoal do N\u00edvel Superior (Capes).<\/p>\n\n\n\n<p>Natural do estado do Maranh\u00e3o, Aguiar fez carreira acad\u00eamica em Campina Grande, onde foi professor da Universidade Federal de Campina Grande (UFCG). Ele tamb\u00e9m ocupou o cargo de reitor da Faculdade Mackenzie, em S\u00e3o Paulo.<\/p>\n\n\n\n<p>\u00c9 cidad\u00e3o campinense e paraibano com t\u00edtulos concedidos pela C\u00e2mara Municipal e Assembleia legislativa.<\/p>\n\n\n\n<p>De acordo com a publica\u00e7\u00e3o, Benedito conta com apoio da bancada evang\u00e9lica no Congresso Nacional e tamb\u00e9m tem proximidade com o ministro do Supremo Tribunal federal (STF), Alexandre de Moraes, que lecionou na Mackenzie quando Aguiar era reitor.<\/p>\n","protected":false},"excerpt":{"rendered":"<p>Em mat\u00e9ria publicada na vers\u00e3o online, o Jornal Folha de S\u00e3o Paulo traz nomes cotados dentro do Governo Bolsonaro para substituir o atual ministro da&hellip; <\/p>\n","protected":false},"author":2,"featured_media":163159,"comment_status":"closed","ping_status":"closed","sticky":false,"template":"","format":"standard","meta":{"sfsi_plus_gutenberg_text_before_share":"","sfsi_plus_gutenberg_show_text_before_share":"","sfsi_plus_gutenberg_icon_type":"","sfsi_plus_gutenberg_icon_alignemt":"","sfsi_plus_gutenburg_max_per_row":"","footnotes":""},"categories":[2],"tags":[],"class_list":["post-174924","post","type-post","status-publish","format-standard","has-post-thumbnail","hentry","category-geral"],"_links":{"self":[{"href":"https:\/\/www.caririemacao.com\/1\/wp-json\/wp\/v2\/posts\/174924","targetHints":{"allow":["GET"]}}],"collection":[{"href":"https:\/\/www.caririemacao.com\/1\/wp-json\/wp\/v2\/posts"}],"about":[{"href":"https:\/\/www.caririemacao.com\/1\/wp-json\/wp\/v2\/types\/post"}],"author":[{"embeddable":true,"href":"https:\/\/www.caririemacao.com\/1\/wp-json\/wp\/v2\/users\/2"}],"replies":[{"embeddable":true,"href":"https:\/\/www.caririemacao.com\/1\/wp-json\/wp\/v2\/comments?post=174924"}],"version-history":[{"count":1,"href":"https:\/\/www.caririemacao.com\/1\/wp-json\/wp\/v2\/posts\/174924\/revisions"}],"predecessor-version":[{"id":174926,"href":"https:\/\/www.caririemacao.com\/1\/wp-json\/wp\/v2\/posts\/174924\/revisions\/174926"}],"wp:featuredmedia":[{"embeddable":true,"href":"https:\/\/www.caririemacao.com\/1\/wp-json\/wp\/v2\/media\/163159"}],"wp:attachment":[{"href":"https:\/\/www.caririemacao.com\/1\/wp-json\/wp\/v2\/media?parent=174924"}],"wp:term":[{"taxonomy":"category","embeddable":true,"href":"https:\/\/www.caririemacao.com\/1\/wp-json\/wp\/v2\/categories?post=174924"},{"taxonomy":"post_tag","embeddable":true,"href":"https:\/\/www.caririemacao.com\/1\/wp-json\/wp\/v2\/tags?post=174924"}],"curies":[{"name":"wp","href":"https:\/\/api.w.org\/{rel}","templated":true}]}}