{"id":174928,"date":"2020-06-18T15:05:27","date_gmt":"2020-06-18T18:05:27","guid":{"rendered":"https:\/\/www.caririemacao.com\/1\/?p=174928"},"modified":"2020-06-18T15:05:27","modified_gmt":"2020-06-18T18:05:27","slug":"prefeitura-de-sume-estabelece-novo-decreto-de-medidas-de-enfrentamento-a-covid-19","status":"publish","type":"post","link":"https:\/\/www.caririemacao.com\/1\/2020\/06\/18\/prefeitura-de-sume-estabelece-novo-decreto-de-medidas-de-enfrentamento-a-covid-19\/","title":{"rendered":"Prefeitura de Sum\u00e9 estabelece novo decreto de medidas de enfrentamento \u00e0 Covid-19"},"content":{"rendered":"\n<p>O prefeito \u00c9den Duarte, renovou decreto municipal que trata das medidas de enfrentamento a Covid-19 no \u00e2mbito municipal e do funcionamento das atividades econ\u00f4micas.<\/p>\n\n\n\n<p>O novo decreto municipal 1.336, passa a vigorar a partir desta quinta-feira (18) e tra\u00e7a um plano de a\u00e7\u00f5es e medidas estrat\u00e9gicas a serem adotadas pelo munic\u00edpio durante o per\u00edodo de pandemia, obedecidas as diretrizes do governo do Estado da Para\u00edba, por meio do Decreto Estadual 40.304, de 12 de junho de 2020.<\/p>\n\n\n\n<p>As condi\u00e7\u00f5es epidemiol\u00f3gicas e estruturais do munic\u00edpio &nbsp;determinar\u00e3o a sua classifica\u00e7\u00e3o em quatro est\u00e1gios, denominados por bandeiras nas cores vermelha, laranja, amarela e verde, tendo como par\u00e2metros de aferi\u00e7\u00e3o a taxa de obedi\u00eancia ao isolamento (TOIS), a taxa de progress\u00e3o de casos novos (PCN), a taxa de letalidade (TLO) e a taxa de ocupa\u00e7\u00e3o hospitalar (TOH).<\/p>\n\n\n\n<p>O resultado da an\u00e1lise, com a indica\u00e7\u00e3o do munic\u00edpio na sua respectiva bandeira, \u00e9 o que for disponibilizado quinzenalmente para a popula\u00e7\u00e3o pelo governo do Estado da Para\u00edba. Cada bandeira de classifica\u00e7\u00e3o corresponde a diferentes graus de restri\u00e7\u00e3o de servi\u00e7os e atividades.<\/p>\n\n\n\n<p>As atividades essenciais poder\u00e3o permanecer funcionando exclusivamente por meio de delivery, inclusive por aplicativos e como pontos de retiradas de mercadorias, drive-thru, conforme determina o decreto estadual 40.304, de 12 de junho de 2020.<\/p>\n\n\n\n<p>No decreto municipal 1.336, de 18 de junho de 2020, em seu Artigo 4\u00b0, podem ser retomadas as atividades que poder\u00e3o funcionar seguindo os protocolos da OMS e o uso obrigat\u00f3rio de m\u00e1scaras, tais como: sal\u00f5es de beleza, barbearias, demais estabelecimentos de servi\u00e7os pessoais com atendimento exclusivo de agendamento pr\u00e9vio e sem aglomera\u00e7\u00e3o de pessoas em suas depend\u00eancias.<\/p>\n\n\n\n<p>As missas, cultos e demais cerimonias religiosas poder\u00e3o ser realizadas por meio do sistema drive-in e nas&nbsp;<strong>sedes<\/strong>&nbsp;das igrejas e templos, neste caso com ocupa\u00e7\u00e3o m\u00e1xima de 30% da capacidade observando todas as normas de distanciamento social.<\/p>\n\n\n\n<p>Todas as outras atividades relativas ao com\u00e9rcio em geral, bares, restaurantes&nbsp; e similares seguir\u00e3o o disposto no decreto estadual 40.304, de 12 de junho de 2020.<\/p>\n\n\n\n<p>As aulas presenciais da rede municipal de ensino permanecem suspensas.<\/p>\n\n\n\n<p>Os espa\u00e7os e equipamentos p\u00fablicos de cultura e esporte pertencentes ao munic\u00edpio de Sum\u00e9 permanecer\u00e3o fechados at\u00e9 ulterior delibera\u00e7\u00e3o.<\/p>\n\n\n\n<p>A feira livre do munic\u00edpio ser\u00e1 reaberta na pr\u00f3xima segunda-feira, 22 de junho, enquanto a feira de gado e a feira de troca permanecem suspensas.<\/p>\n\n\n\n<p>A feira livre que acontece no Mercado P\u00fablico ter\u00e1 diversas medidas de preven\u00e7\u00e3o \u00e0 contamina\u00e7\u00e3o por coronav\u00edrus.<\/p>\n\n\n\n<p>A Secretaria de Sa\u00fade manter\u00e1 monitoramento da evolu\u00e7\u00e3o da pandemia da Covid-19 no munic\u00edpio, em especial nos efeitos da suspens\u00e3o gradual de restri\u00e7\u00f5es de servi\u00e7os e atividades nas condi\u00e7\u00f5es estruturais e epidemiol\u00f3gicas, podendo elaborar novas recomenda\u00e7\u00f5es a qualquer tempo.<\/p>\n\n\n\n<p>Confira:&nbsp;<a href=\"https:\/\/www.sume.pb.gov.br\/wp-content\/uploads\/2020\/06\/Decreto-1.336-Institui-o-Plano-Municipal-de-Enfrentamento-dos-Efeitos-da-Pandemia-COVID-19.pdf\" target=\"_blank\" rel=\"noreferrer noopener\">Decreto 1.336 \u2013 Institui o Plano Municipal de Enfrentamento dos Efeitos da Pandemia COVID-19<\/a><\/p>\n\n\n\n<p>Ascom PMS<\/p>\n","protected":false},"excerpt":{"rendered":"<p>O prefeito \u00c9den Duarte, renovou decreto municipal que trata das medidas de enfrentamento a Covid-19 no \u00e2mbito municipal e do funcionamento das atividades econ\u00f4micas. O&hellip; <\/p>\n","protected":false},"author":2,"featured_media":164500,"comment_status":"closed","ping_status":"closed","sticky":false,"template":"","format":"standard","meta":{"sfsi_plus_gutenberg_text_before_share":"","sfsi_plus_gutenberg_show_text_before_share":"","sfsi_plus_gutenberg_icon_type":"","sfsi_plus_gutenberg_icon_alignemt":"","sfsi_plus_gutenburg_max_per_row":"","footnotes":""},"categories":[6,95],"tags":[],"class_list":["post-174928","post","type-post","status-publish","format-standard","has-post-thumbnail","hentry","category-cidades","category-sume"],"_links":{"self":[{"href":"https:\/\/www.caririemacao.com\/1\/wp-json\/wp\/v2\/posts\/174928","targetHints":{"allow":["GET"]}}],"collection":[{"href":"https:\/\/www.caririemacao.com\/1\/wp-json\/wp\/v2\/posts"}],"about":[{"href":"https:\/\/www.caririemacao.com\/1\/wp-json\/wp\/v2\/types\/post"}],"author":[{"embeddable":true,"href":"https:\/\/www.caririemacao.com\/1\/wp-json\/wp\/v2\/users\/2"}],"replies":[{"embeddable":true,"href":"https:\/\/www.caririemacao.com\/1\/wp-json\/wp\/v2\/comments?post=174928"}],"version-history":[{"count":1,"href":"https:\/\/www.caririemacao.com\/1\/wp-json\/wp\/v2\/posts\/174928\/revisions"}],"predecessor-version":[{"id":174929,"href":"https:\/\/www.caririemacao.com\/1\/wp-json\/wp\/v2\/posts\/174928\/revisions\/174929"}],"wp:featuredmedia":[{"embeddable":true,"href":"https:\/\/www.caririemacao.com\/1\/wp-json\/wp\/v2\/media\/164500"}],"wp:attachment":[{"href":"https:\/\/www.caririemacao.com\/1\/wp-json\/wp\/v2\/media?parent=174928"}],"wp:term":[{"taxonomy":"category","embeddable":true,"href":"https:\/\/www.caririemacao.com\/1\/wp-json\/wp\/v2\/categories?post=174928"},{"taxonomy":"post_tag","embeddable":true,"href":"https:\/\/www.caririemacao.com\/1\/wp-json\/wp\/v2\/tags?post=174928"}],"curies":[{"name":"wp","href":"https:\/\/api.w.org\/{rel}","templated":true}]}}