{"id":174931,"date":"2020-06-18T16:19:09","date_gmt":"2020-06-18T19:19:09","guid":{"rendered":"https:\/\/www.caririemacao.com\/1\/?p=174931"},"modified":"2020-06-18T16:19:09","modified_gmt":"2020-06-18T19:19:09","slug":"urgente-weintraub-deixa-a-chefia-do-ministerio-da-educacao","status":"publish","type":"post","link":"https:\/\/www.caririemacao.com\/1\/2020\/06\/18\/urgente-weintraub-deixa-a-chefia-do-ministerio-da-educacao\/","title":{"rendered":"Urgente: Weintraub deixa a chefia do Minist\u00e9rio da Educa\u00e7\u00e3o"},"content":{"rendered":"\n<p>O ministro da Educa\u00e7\u00e3o,\u00a0Abraham Weintraub, anunciou nesta quinta-feira (18) que deixar\u00e1 o cargo. A confirma\u00e7\u00e3o foi dada em um v\u00eddeo publicado por Weintraub, em que o ministro aparece ao lado do presidente Jair Bolsonaro. O nome do substituto n\u00e3o foi informado.<\/p>\n\n\n\n<p>Nesta quarta, a\u00a0comentarista do\u00a0<strong>G1\u00a0<\/strong>e da GloboNews Cristiana L\u00f4bo\u00a0informou que o governo pretende indicar Weintraub para o Banco Mundial, em Washington. L\u00e1, o Brasil lidera um grupo de nove pa\u00edses e, sendo o maior acionista, tem a prerrogativa de indicar o diretor da \u00e1rea.<\/p>\n\n\n\n<p>&#8220;\u00c9 um momento dif\u00edcil, todos os meus compromissos de campanha continuam de p\u00e9. Busco implement\u00e1-lo da melhor forma poss\u00edvel. A confian\u00e7a voc\u00ea n\u00e3o compra, voc\u00ea adquire. Todos que est\u00e3o nos ouvindo agora s\u00e3o maiores de idade, sabem o que o Brasil est\u00e1 passando. E o momento \u00e9 de confian\u00e7a. Jamais deixaremos de lutar por liberdade. Eu fa\u00e7o o que o povo quiser&#8221;, afirma Bolsonaro no v\u00eddeo.<\/p>\n\n\n\n<p>Weintraub assumiu o cargo em abril de 2019, ap\u00f3s a sa\u00edda de Ricardo V\u00e9lez Rodr\u00edguez, e permaneceu no posto por 14 meses. No per\u00edodo, acumulou desafetos e disputas p\u00fablicas com diversos grupos sociais \u2013 entre eles, a comunidade judaica e a representa\u00e7\u00e3o da China no Brasil.<\/p>\n\n\n\n<p>A pol\u00eamica mais recente surgiu ap\u00f3s a divulga\u00e7\u00e3o do\u00a0v\u00eddeo da reuni\u00e3o ministerial de 22 de abril, no Pal\u00e1cio do Planalto. No encontro com o presidente Bolsonaro e outras autoridades do Executivo federal, Weintraub\u00a0defendeu a pris\u00e3o dos ministros do Supremo Tribunal Federal\u00a0(STF), a quem chamou de &#8220;vagabundos&#8221;.<\/p>\n\n\n\n<p>&#8220;A gente t\u00e1 perdendo a luta pela liberdade. \u00c9 isso que o povo t\u00e1 gritando. N\u00e3o t\u00e1 gritando pra ter mais Estado, pra ter mais projetos, pra ter mais&#8230; o povo t\u00e1 gritando por liberdade, ponto. Eu acho que \u00e9 isso que a gente t\u00e1 perdendo, t\u00e1 perdendo mesmo. A ge&#8230; o povo t\u00e1 querendo ver o que me trouxe at\u00e9 aqui. Eu, por mim, botava esses vagabundos todos na cadeia. Come\u00e7ando no STF\u201d, disse.<\/p>\n\n\n\n<p>O v\u00eddeo foi revelado no inqu\u00e9rito que apura suposta interfer\u00eancia do presidente Jair Bolsonaro na Pol\u00edcia Federal. Relator dessa investiga\u00e7\u00e3o, o ministro do STF Celso de Mello disse ver poss\u00edvel crime de inj\u00faria por parte de Weintraub e, por isso,\u00a0enviou of\u00edcio aos demais membros da Corte.<\/p>\n\n\n\n<p>No \u00faltimo domingo (14), Weintraub participou de um protesto com pautas antidemocr\u00e1ticas e inconstitucionais na Esplanada dos Minist\u00e9rios, em Bras\u00edlia. Ele voltou a usar o termo &#8220;vagabundos&#8221; mas, desta vez, n\u00e3o disse textualmente a quem se referia.<\/p>\n\n\n\n<p>Questionado sobre impostos pagos para bancar &#8220;funcion\u00e1rios corruptos&#8221;, Weintraub disse aos apoiadores: &#8220;Eu j\u00e1 falei a minha opini\u00e3o, o que eu faria com vagabundo&#8221;. O ministro n\u00e3o usava m\u00e1scara de prote\u00e7\u00e3o e, por isso,\u00a0foi multado pelo governo local. Veja no v\u00eddeo:<\/p>\n\n\n\n<figure class=\"wp-block-image\"><img decoding=\"async\" data-src=\"https:\/\/s03.video.glbimg.com\/x240\/8625534.jpg\" alt=\"Min. da Educa\u00e7\u00e3o Abraham Weintraub participa de protesto sem m\u00e1scara e causa aglomera\u00e7\u00e3o\" title=\"Min. da Educa\u00e7\u00e3o Abraham Weintraub participa de protesto sem m\u00e1scara e causa aglomera\u00e7\u00e3o\" src=\"data:image\/svg+xml;base64,PHN2ZyB3aWR0aD0iMSIgaGVpZ2h0PSIxIiB4bWxucz0iaHR0cDovL3d3dy53My5vcmcvMjAwMC9zdmciPjwvc3ZnPg==\" class=\"lazyload\" \/><\/figure>\n","protected":false},"excerpt":{"rendered":"<p>O ministro da Educa\u00e7\u00e3o,\u00a0Abraham Weintraub, anunciou nesta quinta-feira (18) que deixar\u00e1 o cargo. A confirma\u00e7\u00e3o foi dada em um v\u00eddeo publicado por Weintraub, em que&hellip; <\/p>\n","protected":false},"author":1,"featured_media":174932,"comment_status":"closed","ping_status":"closed","sticky":false,"template":"","format":"standard","meta":{"sfsi_plus_gutenberg_text_before_share":"","sfsi_plus_gutenberg_show_text_before_share":"","sfsi_plus_gutenberg_icon_type":"","sfsi_plus_gutenberg_icon_alignemt":"","sfsi_plus_gutenburg_max_per_row":"","footnotes":""},"categories":[50],"tags":[],"class_list":["post-174931","post","type-post","status-publish","format-standard","has-post-thumbnail","hentry","category-destaque"],"_links":{"self":[{"href":"https:\/\/www.caririemacao.com\/1\/wp-json\/wp\/v2\/posts\/174931","targetHints":{"allow":["GET"]}}],"collection":[{"href":"https:\/\/www.caririemacao.com\/1\/wp-json\/wp\/v2\/posts"}],"about":[{"href":"https:\/\/www.caririemacao.com\/1\/wp-json\/wp\/v2\/types\/post"}],"author":[{"embeddable":true,"href":"https:\/\/www.caririemacao.com\/1\/wp-json\/wp\/v2\/users\/1"}],"replies":[{"embeddable":true,"href":"https:\/\/www.caririemacao.com\/1\/wp-json\/wp\/v2\/comments?post=174931"}],"version-history":[{"count":1,"href":"https:\/\/www.caririemacao.com\/1\/wp-json\/wp\/v2\/posts\/174931\/revisions"}],"predecessor-version":[{"id":174933,"href":"https:\/\/www.caririemacao.com\/1\/wp-json\/wp\/v2\/posts\/174931\/revisions\/174933"}],"wp:featuredmedia":[{"embeddable":true,"href":"https:\/\/www.caririemacao.com\/1\/wp-json\/wp\/v2\/media\/174932"}],"wp:attachment":[{"href":"https:\/\/www.caririemacao.com\/1\/wp-json\/wp\/v2\/media?parent=174931"}],"wp:term":[{"taxonomy":"category","embeddable":true,"href":"https:\/\/www.caririemacao.com\/1\/wp-json\/wp\/v2\/categories?post=174931"},{"taxonomy":"post_tag","embeddable":true,"href":"https:\/\/www.caririemacao.com\/1\/wp-json\/wp\/v2\/tags?post=174931"}],"curies":[{"name":"wp","href":"https:\/\/api.w.org\/{rel}","templated":true}]}}