{"id":174934,"date":"2020-06-18T21:47:27","date_gmt":"2020-06-19T00:47:27","guid":{"rendered":"https:\/\/www.caririemacao.com\/1\/?p=174934"},"modified":"2020-06-18T21:47:27","modified_gmt":"2020-06-19T00:47:27","slug":"secretaria-de-saude-de-caraubas-confirma-mais-01-caso-de-covid-19","status":"publish","type":"post","link":"https:\/\/www.caririemacao.com\/1\/2020\/06\/18\/secretaria-de-saude-de-caraubas-confirma-mais-01-caso-de-covid-19\/","title":{"rendered":"Secretaria de Sa\u00fade de Cara\u00fabas confirma mais 01 caso de Covid-19"},"content":{"rendered":"\n<p>A Secretaria da Sa\u00fade e o Departamento de Vigil\u00e2ncia em Sa\u00fade Epidemiologica divulga mais um boletim COVID-19 do munic\u00edpio de Cara\u00fabas &#8211; PB. O munic\u00edpio disp\u00f5e hoje dia 18 de Junho de 2020, de 66(sessenta e seis) casos notificados dos quais 56(cinquenta e seis) foram negativados, 06 (seis) casos est\u00e3o sob investiga\u00e7\u00e3o e 04 (quatro) casos confirmados. Dos 04 (quatro) casos confirmados, 02(dois) j\u00e1 se encontram curados. <\/p>\n\n\n\n<p>O munic\u00edpio disp\u00f5e de 12(doze) casos em isolamento e n\u00e3o h\u00e1 registro de \u00f3bitos at\u00e9 a presente data. <\/p>\n\n\n\n<p>A secretaria da sa\u00fade refor\u00e7a a necessidade das pessoas manterem o isolamento social necess\u00e1rio, bem como, as medidas de preven\u00e7\u00e3o j\u00e1 anunciadas anteriormente, do uso frequente de mascara e a utiliza\u00e7\u00e3o da higieniza\u00e7\u00e3o das m\u00e3os com \u00e1lcool em gel. A Prefeitura Municipal de Cara\u00fabas e a secretaria da sa\u00fade continuam trabalhando pensando no futuro de nossa gente!<\/p>\n","protected":false},"excerpt":{"rendered":"<p>A Secretaria da Sa\u00fade e o Departamento de Vigil\u00e2ncia em Sa\u00fade Epidemiologica divulga mais um boletim COVID-19 do munic\u00edpio de Cara\u00fabas &#8211; PB. O munic\u00edpio&hellip; <\/p>\n","protected":false},"author":1,"featured_media":174935,"comment_status":"closed","ping_status":"closed","sticky":false,"template":"","format":"standard","meta":{"sfsi_plus_gutenberg_text_before_share":"","sfsi_plus_gutenberg_show_text_before_share":"","sfsi_plus_gutenberg_icon_type":"","sfsi_plus_gutenberg_icon_alignemt":"","sfsi_plus_gutenburg_max_per_row":"","footnotes":""},"categories":[6,50],"tags":[],"class_list":["post-174934","post","type-post","status-publish","format-standard","has-post-thumbnail","hentry","category-cidades","category-destaque"],"_links":{"self":[{"href":"https:\/\/www.caririemacao.com\/1\/wp-json\/wp\/v2\/posts\/174934","targetHints":{"allow":["GET"]}}],"collection":[{"href":"https:\/\/www.caririemacao.com\/1\/wp-json\/wp\/v2\/posts"}],"about":[{"href":"https:\/\/www.caririemacao.com\/1\/wp-json\/wp\/v2\/types\/post"}],"author":[{"embeddable":true,"href":"https:\/\/www.caririemacao.com\/1\/wp-json\/wp\/v2\/users\/1"}],"replies":[{"embeddable":true,"href":"https:\/\/www.caririemacao.com\/1\/wp-json\/wp\/v2\/comments?post=174934"}],"version-history":[{"count":1,"href":"https:\/\/www.caririemacao.com\/1\/wp-json\/wp\/v2\/posts\/174934\/revisions"}],"predecessor-version":[{"id":174936,"href":"https:\/\/www.caririemacao.com\/1\/wp-json\/wp\/v2\/posts\/174934\/revisions\/174936"}],"wp:featuredmedia":[{"embeddable":true,"href":"https:\/\/www.caririemacao.com\/1\/wp-json\/wp\/v2\/media\/174935"}],"wp:attachment":[{"href":"https:\/\/www.caririemacao.com\/1\/wp-json\/wp\/v2\/media?parent=174934"}],"wp:term":[{"taxonomy":"category","embeddable":true,"href":"https:\/\/www.caririemacao.com\/1\/wp-json\/wp\/v2\/categories?post=174934"},{"taxonomy":"post_tag","embeddable":true,"href":"https:\/\/www.caririemacao.com\/1\/wp-json\/wp\/v2\/tags?post=174934"}],"curies":[{"name":"wp","href":"https:\/\/api.w.org\/{rel}","templated":true}]}}