{"id":174937,"date":"2020-06-18T21:52:38","date_gmt":"2020-06-19T00:52:38","guid":{"rendered":"https:\/\/www.caririemacao.com\/1\/?p=174937"},"modified":"2020-06-18T21:52:38","modified_gmt":"2020-06-19T00:52:38","slug":"caraubas-prefeitura-e-camara-municipal-realizam-audiencia-publica-da-ldo-2021-por-videoconferencia","status":"publish","type":"post","link":"https:\/\/www.caririemacao.com\/1\/2020\/06\/18\/caraubas-prefeitura-e-camara-municipal-realizam-audiencia-publica-da-ldo-2021-por-videoconferencia\/","title":{"rendered":"Cara\u00fabas: Prefeitura e C\u00e2mara Municipal  realizam audi\u00eancia p\u00fablica da LDO 2021 por v\u00eddeoconfer\u00eancia"},"content":{"rendered":"\n<p>Foi realizada na tarde desta quarta-feira, dia 17\/03, de forma in\u00e9dita a primeira audi\u00eancia p\u00fablica por v\u00eddeo confer\u00eancia da Lei de Diretrizes Or\u00e7ament\u00e1rias do exerc\u00edcio de 2021. A videoconfer\u00eancia foi promovida pela Prefeitura Municipal de Cara\u00fabas atrav\u00e9s da Secretaria do Planejamento Comunica\u00e7\u00e3o Institucional e Gest\u00e3o e o Poder Legislativo Municipal.<\/p>\n\n\n\n<p><br>Participaram da audi\u00eancia p\u00fablica o prefeito do munic\u00edpio Silvano Dudu, o presidente da C\u00e2mara Municipal de Vereadores, Nero Soares, o vereador e vice-presidente da C\u00e2mara F\u00e1bio Pereira, o vereador l\u00edder da bancada da situa\u00e7\u00e3o Arimateia Fernandes, secret\u00e1rios municipais de v\u00e1rias pastas, o contador geral do munic\u00edpio, Joilto Brito, l\u00edderes da sociedade civil, representantes de conselhos municipais, a exemplo do Conselho Tutelar e assessor da prefeitura.<\/p>\n\n\n\n<p><br>A abertura da videoconfer\u00eancia foi realizada pelo contador Joilto Brito que fez uma apresenta\u00e7\u00e3o da import\u00e2ncia da realiza\u00e7\u00e3o da presente audi\u00eancia que em virtude da pandemia ocasionada pela COVID-19, teve que ser realizada de forma on line. Quanto a LDO \u00e9 uma das pe\u00e7as mais importantes que comp\u00f5e o Or\u00e7amento do Munic\u00edpio, pois, ela precede exatamente a elabora\u00e7\u00e3o da Lei Or\u00e7ament\u00e1ria Anual \u2013 LOA.<\/p>\n\n\n\n<p><br>A LDO \u00e9 composta de v\u00e1rias diretrizes como, por exemplo, os anexos que tratam da metas e prioridades estabelecidas pela gest\u00e3o quanto aos recursos humanos, a disponibiliza\u00e7\u00e3o de aumento para o salario m\u00ednimo, os riscos e metas fiscais, enfim, uma pe\u00e7a bastante complexa, mas que tem o objetivo de nortear a Administra\u00e7\u00e3o P\u00fablica quanto ao que deve ser aplicado em a\u00e7\u00f5es efetivas no exerc\u00edcio seguinte.<br>O vereador e presidente Jos\u00e9 Franconero(Nero Soares) da C\u00e2mara Municipal afirmou que recebeu dentro dos prazos legais o competente PLO e que o Poder Legislativo estar\u00e1 somando esfor\u00e7os para aprovar antes do recesso parlamentar do meio do ano, a presente legisla\u00e7\u00e3o. Nos colocamos a disposi\u00e7\u00e3o da popula\u00e7\u00e3o de Cara\u00fabas para que possamos apresentar a LDO a quem se dispuser ir a C\u00e2mara antes de ser colocada para discuss\u00e3o e aprova\u00e7\u00e3o, disse ele.<\/p>\n\n\n\n<p><br>J\u00e1 o prefeito Silvano Dudu disse esta feliz com a apresenta\u00e7\u00e3o da videoconfer\u00eancia onde todos tiveram oportunidade de ouvir do contador a explana\u00e7\u00e3o sobre o Projeto de Lei da LDO 2021, agradecendo a todos que participaram e se colocando a disposi\u00e7\u00e3o do Poder Legislativo e da sociedade para os esclarecimentos necess\u00e1rios, afirmou.<\/p>\n\n\n\n<p><br>O projeto de lei aguarda agora a sess\u00e3o da C\u00e2mara Municipal para sua discuss\u00e3o e aprova\u00e7\u00e3o. A mesma dever\u00e1 ser realizada antes do fim deste m\u00eas, garantiu o presidente Nero Soares.<\/p>\n\n\n\n<p>Fonte: SEPLACOM<br>Fotos: MIGUEL FILHO<\/p>\n","protected":false},"excerpt":{"rendered":"<p>Foi realizada na tarde desta quarta-feira, dia 17\/03, de forma in\u00e9dita a primeira audi\u00eancia p\u00fablica por v\u00eddeo confer\u00eancia da Lei de Diretrizes Or\u00e7ament\u00e1rias do exerc\u00edcio&hellip; <\/p>\n","protected":false},"author":1,"featured_media":174939,"comment_status":"closed","ping_status":"closed","sticky":false,"template":"","format":"standard","meta":{"sfsi_plus_gutenberg_text_before_share":"","sfsi_plus_gutenberg_show_text_before_share":"","sfsi_plus_gutenberg_icon_type":"","sfsi_plus_gutenberg_icon_alignemt":"","sfsi_plus_gutenburg_max_per_row":"","footnotes":""},"categories":[6,50],"tags":[],"class_list":["post-174937","post","type-post","status-publish","format-standard","has-post-thumbnail","hentry","category-cidades","category-destaque"],"_links":{"self":[{"href":"https:\/\/www.caririemacao.com\/1\/wp-json\/wp\/v2\/posts\/174937","targetHints":{"allow":["GET"]}}],"collection":[{"href":"https:\/\/www.caririemacao.com\/1\/wp-json\/wp\/v2\/posts"}],"about":[{"href":"https:\/\/www.caririemacao.com\/1\/wp-json\/wp\/v2\/types\/post"}],"author":[{"embeddable":true,"href":"https:\/\/www.caririemacao.com\/1\/wp-json\/wp\/v2\/users\/1"}],"replies":[{"embeddable":true,"href":"https:\/\/www.caririemacao.com\/1\/wp-json\/wp\/v2\/comments?post=174937"}],"version-history":[{"count":1,"href":"https:\/\/www.caririemacao.com\/1\/wp-json\/wp\/v2\/posts\/174937\/revisions"}],"predecessor-version":[{"id":174940,"href":"https:\/\/www.caririemacao.com\/1\/wp-json\/wp\/v2\/posts\/174937\/revisions\/174940"}],"wp:featuredmedia":[{"embeddable":true,"href":"https:\/\/www.caririemacao.com\/1\/wp-json\/wp\/v2\/media\/174939"}],"wp:attachment":[{"href":"https:\/\/www.caririemacao.com\/1\/wp-json\/wp\/v2\/media?parent=174937"}],"wp:term":[{"taxonomy":"category","embeddable":true,"href":"https:\/\/www.caririemacao.com\/1\/wp-json\/wp\/v2\/categories?post=174937"},{"taxonomy":"post_tag","embeddable":true,"href":"https:\/\/www.caririemacao.com\/1\/wp-json\/wp\/v2\/tags?post=174937"}],"curies":[{"name":"wp","href":"https:\/\/api.w.org\/{rel}","templated":true}]}}