{"id":174941,"date":"2020-06-18T21:56:39","date_gmt":"2020-06-19T00:56:39","guid":{"rendered":"https:\/\/www.caririemacao.com\/1\/?p=174941"},"modified":"2020-06-18T21:56:39","modified_gmt":"2020-06-19T00:56:39","slug":"caraubas-obras-do-ginasio-de-esportes-estao-em-fase-avancada-e-comeca-a-tomar-forma","status":"publish","type":"post","link":"https:\/\/www.caririemacao.com\/1\/2020\/06\/18\/caraubas-obras-do-ginasio-de-esportes-estao-em-fase-avancada-e-comeca-a-tomar-forma\/","title":{"rendered":"Cara\u00fabas: Obras do gin\u00e1sio de esportes est\u00e3o em fase avan\u00e7ada e come\u00e7a a tomar forma"},"content":{"rendered":"\n<p>O primeiro gin\u00e1sio de Esportes da cidade de Cara\u00fabas e que se encontra em constru\u00e7\u00e3o pela atual gest\u00e3o est\u00e1 em fase bastante avan\u00e7ada e come\u00e7a a tomar corpo. De acordo com o cronograma do Departamento de Obras P\u00fablicas e Servi\u00e7os Urbanos a obra segue em ritmo acelerado.<br>De acordo com o secret\u00e1rio de Obras do munic\u00edpio, Jos\u00e9 Marcelo Neves, o andamento da obra tem contribu\u00eddo para que se mantenha o cronograma dentro do que foi planejado para sua inaugura\u00e7\u00e3o. Se o ritmo continuar assim, nesses pr\u00f3ximos 90(noventa) dias teremos essa obra praticamente conclu\u00edda, afirmou ele.<\/p>\n\n\n\n<p><br>Est\u00e3o sendo investidos recursos na ordem de mais de R$ 450.000,00 (Quatrocentos e Cinquenta Mil Reais) oriundos de Emenda Parlamentar de autoria do ex-deputado Federal e atual senador da Rep\u00fablica, Veneziano Vital do Rego Segundo Neto e com contrapartida da Prefeitura Municipal de Cara\u00fabas.<\/p>\n\n\n\n<p><br>O prefeito Silvano Dudu afirmou que \u00e9 mais um sonho dos caraubenses que n\u00e3o dispunham de um espa\u00e7o para a pratica de suas atividades esportivas. Creio que muitos talentos jovens deixaram de despontar nesse per\u00edodo pela falta desses espa\u00e7os. Estamos no caminho certo, pois, al\u00e9m desse gin\u00e1sio j\u00e1 conclu\u00edmos a quadra aberta do campo de futebol Jos\u00e9 Valderi Neves, afirmou o prefeito.<\/p>\n\n\n\n<p><br>Antes o que recebemos de heran\u00e7a foi uma quadra(a do campo de futebol) paralisada e um Gin\u00e1sio com obra paralisada e inacabada. N\u00e3o s\u00f3 conclu\u00edmos a quadra do campo de futebol, como ainda estamos lutando para suprir as inconsist\u00eancias e incorre\u00e7\u00f5es do Gin\u00e1sio que fica ao lado da UBS Severino Virg\u00ednio da Silva que se encontra totalmente parada, disse ele.<br>Mas o patrim\u00f4nio p\u00fablico de Cara\u00fabas ter\u00e1 a oportunidade de ter agora grandes obras prontas e que ser\u00e3o entregues ainda este ano a popula\u00e7\u00e3o, pois, a mesma dever\u00e1 usufruir deste espa\u00e7o para realizar suas atividades de educa\u00e7\u00e3o f\u00edsica, culturais e de lazer, concluiu o prefeito.<\/p>\n\n\n\n<p><br>O mestre de obras da construtora MIMOZA, Senhor Brasil, disse que a obra ainda n\u00e3o ficou pronta em virtude do desn\u00edvel que encontramos no terreno. Mas conseguimos com muito trabalho corrigir a diferen\u00e7a da \u00e1rea e agora j\u00e1 estamos na constru\u00e7\u00e3o das arquibancadas do gin\u00e1sio, j\u00e1 que conclu\u00edmos toda estrutura eleva\u00e7\u00e3o das colunas de sustenta\u00e7\u00e3o da coberta do gin\u00e1sio, concluiu ele.<\/p>\n\n\n\n<p>FONTE: SEPLACOM<br>FOTOS: MIGUEL FILHO<\/p>\n","protected":false},"excerpt":{"rendered":"<p>O primeiro gin\u00e1sio de Esportes da cidade de Cara\u00fabas e que se encontra em constru\u00e7\u00e3o pela atual gest\u00e3o est\u00e1 em fase bastante avan\u00e7ada e come\u00e7a&hellip; <\/p>\n","protected":false},"author":1,"featured_media":174942,"comment_status":"closed","ping_status":"closed","sticky":false,"template":"","format":"standard","meta":{"sfsi_plus_gutenberg_text_before_share":"","sfsi_plus_gutenberg_show_text_before_share":"","sfsi_plus_gutenberg_icon_type":"","sfsi_plus_gutenberg_icon_alignemt":"","sfsi_plus_gutenburg_max_per_row":"","footnotes":""},"categories":[6,50],"tags":[],"class_list":["post-174941","post","type-post","status-publish","format-standard","has-post-thumbnail","hentry","category-cidades","category-destaque"],"_links":{"self":[{"href":"https:\/\/www.caririemacao.com\/1\/wp-json\/wp\/v2\/posts\/174941","targetHints":{"allow":["GET"]}}],"collection":[{"href":"https:\/\/www.caririemacao.com\/1\/wp-json\/wp\/v2\/posts"}],"about":[{"href":"https:\/\/www.caririemacao.com\/1\/wp-json\/wp\/v2\/types\/post"}],"author":[{"embeddable":true,"href":"https:\/\/www.caririemacao.com\/1\/wp-json\/wp\/v2\/users\/1"}],"replies":[{"embeddable":true,"href":"https:\/\/www.caririemacao.com\/1\/wp-json\/wp\/v2\/comments?post=174941"}],"version-history":[{"count":1,"href":"https:\/\/www.caririemacao.com\/1\/wp-json\/wp\/v2\/posts\/174941\/revisions"}],"predecessor-version":[{"id":174943,"href":"https:\/\/www.caririemacao.com\/1\/wp-json\/wp\/v2\/posts\/174941\/revisions\/174943"}],"wp:featuredmedia":[{"embeddable":true,"href":"https:\/\/www.caririemacao.com\/1\/wp-json\/wp\/v2\/media\/174942"}],"wp:attachment":[{"href":"https:\/\/www.caririemacao.com\/1\/wp-json\/wp\/v2\/media?parent=174941"}],"wp:term":[{"taxonomy":"category","embeddable":true,"href":"https:\/\/www.caririemacao.com\/1\/wp-json\/wp\/v2\/categories?post=174941"},{"taxonomy":"post_tag","embeddable":true,"href":"https:\/\/www.caririemacao.com\/1\/wp-json\/wp\/v2\/tags?post=174941"}],"curies":[{"name":"wp","href":"https:\/\/api.w.org\/{rel}","templated":true}]}}