{"id":174944,"date":"2020-06-18T22:13:26","date_gmt":"2020-06-19T01:13:26","guid":{"rendered":"https:\/\/www.caririemacao.com\/1\/?p=174944"},"modified":"2020-06-18T22:23:02","modified_gmt":"2020-06-19T01:23:02","slug":"bom-demais-supermercado-se-destaca-como-referencia-no-combate-ao-covid-19-em-monteiro","status":"publish","type":"post","link":"https:\/\/www.caririemacao.com\/1\/2020\/06\/18\/bom-demais-supermercado-se-destaca-como-referencia-no-combate-ao-covid-19-em-monteiro\/","title":{"rendered":"Bom Demais Supermercado se destaca como refer\u00eancia no combate ao Covid-19 em Monteiro"},"content":{"rendered":"\n<p>O  Bom Demais Supermercados Atacado &amp; Varejo, localizado na cidade de Monteiro, vem se destacando desde o in\u00edcio da pandemia, com v\u00e1rias medidas de combate ao novo coronav\u00edrus no munic\u00edpio. <\/p>\n\n\n\n<p>Sendo assim, diante do aumento de n\u00fameros de casos no munic\u00edpio, o Bom Demais Supermercados Atacado &amp; Varejo precisou redobrar as medidas de seguran\u00e7a e higiene para proteger funcion\u00e1rios e clientes. Al\u00e9m do j\u00e1 tradicional \u00e1lcool em gel, m\u00e1scaras e o distanciamento entre pessoas, o Bom Demais adotou uma nova medida.<\/p>\n\n\n\n<p><br>Diariamente est\u00e1 sendo feito uma desinfec\u00e7\u00e3o via pulveriza\u00e7\u00e3o nos carrinhos, cestas, caixas e corredores. O produto utilizado \u00e9 eficaz no combate do v\u00edrus, por\u00e9m totalmente inofensivo para humanos. <\/p>\n\n\n\n<p>A medida tem como base combater a pandemia de coronav\u00edrus que assolou o munic\u00edpio de Monteiro.<\/p>\n","protected":false},"excerpt":{"rendered":"<p>O Bom Demais Supermercados Atacado &amp; Varejo, localizado na cidade de Monteiro, vem se destacando desde o in\u00edcio da pandemia, com v\u00e1rias medidas de combate&hellip; <\/p>\n","protected":false},"author":1,"featured_media":174945,"comment_status":"closed","ping_status":"closed","sticky":false,"template":"","format":"standard","meta":{"sfsi_plus_gutenberg_text_before_share":"","sfsi_plus_gutenberg_show_text_before_share":"","sfsi_plus_gutenberg_icon_type":"","sfsi_plus_gutenberg_icon_alignemt":"","sfsi_plus_gutenburg_max_per_row":"","footnotes":""},"categories":[6,50],"tags":[],"class_list":["post-174944","post","type-post","status-publish","format-standard","has-post-thumbnail","hentry","category-cidades","category-destaque"],"_links":{"self":[{"href":"https:\/\/www.caririemacao.com\/1\/wp-json\/wp\/v2\/posts\/174944","targetHints":{"allow":["GET"]}}],"collection":[{"href":"https:\/\/www.caririemacao.com\/1\/wp-json\/wp\/v2\/posts"}],"about":[{"href":"https:\/\/www.caririemacao.com\/1\/wp-json\/wp\/v2\/types\/post"}],"author":[{"embeddable":true,"href":"https:\/\/www.caririemacao.com\/1\/wp-json\/wp\/v2\/users\/1"}],"replies":[{"embeddable":true,"href":"https:\/\/www.caririemacao.com\/1\/wp-json\/wp\/v2\/comments?post=174944"}],"version-history":[{"count":2,"href":"https:\/\/www.caririemacao.com\/1\/wp-json\/wp\/v2\/posts\/174944\/revisions"}],"predecessor-version":[{"id":174949,"href":"https:\/\/www.caririemacao.com\/1\/wp-json\/wp\/v2\/posts\/174944\/revisions\/174949"}],"wp:featuredmedia":[{"embeddable":true,"href":"https:\/\/www.caririemacao.com\/1\/wp-json\/wp\/v2\/media\/174945"}],"wp:attachment":[{"href":"https:\/\/www.caririemacao.com\/1\/wp-json\/wp\/v2\/media?parent=174944"}],"wp:term":[{"taxonomy":"category","embeddable":true,"href":"https:\/\/www.caririemacao.com\/1\/wp-json\/wp\/v2\/categories?post=174944"},{"taxonomy":"post_tag","embeddable":true,"href":"https:\/\/www.caririemacao.com\/1\/wp-json\/wp\/v2\/tags?post=174944"}],"curies":[{"name":"wp","href":"https:\/\/api.w.org\/{rel}","templated":true}]}}