{"id":174951,"date":"2020-06-19T06:11:49","date_gmt":"2020-06-19T09:11:49","guid":{"rendered":"https:\/\/www.caririemacao.com\/1\/?p=174951"},"modified":"2020-06-19T06:11:49","modified_gmt":"2020-06-19T09:11:49","slug":"motocicleta-e-furtada-em-frente-a-residencia-na-noite-desta-quinta-feira-em-monteiro","status":"publish","type":"post","link":"https:\/\/www.caririemacao.com\/1\/2020\/06\/19\/motocicleta-e-furtada-em-frente-a-residencia-na-noite-desta-quinta-feira-em-monteiro\/","title":{"rendered":"Motocicleta \u00e9 furtada em frente a resid\u00eancia na noite desta quinta-feira em Monteiro"},"content":{"rendered":"\n<p>Uma motocicleta que estava estacionada em frente a resid\u00eancia de seu propriet\u00e1rio, localizada na avenida cidade do Recife, foi furtada por volta das 23:00 horas da noite desta quinta-feira (18), em Monteiro no Cariri Paraibano.<\/p>\n\n\n\n<p>De acordo com relatos da v\u00edtima, sua motocicleta Honda CG TITAN 125 de cor PRATA, ano 2002 placa MOS-1930, foi furtada enquanto o mesmo adentrou em sua resid\u00eancia, minuto depois quando saiu a moto n\u00e3o estava mais no local.<\/p>\n\n\n\n<p>Qualquer informa\u00e7\u00e3o entrar em contato pelo fone: (83) 99991-9878 ou comunicar a pol\u00edcia pelo 190.&nbsp;<\/p>\n\n\n\n<p><strong>HORA1PB<\/strong><\/p>\n","protected":false},"excerpt":{"rendered":"<p>Uma motocicleta que estava estacionada em frente a resid\u00eancia de seu propriet\u00e1rio, localizada na avenida cidade do Recife, foi furtada por volta das 23:00 horas&hellip; <\/p>\n","protected":false},"author":2,"featured_media":174952,"comment_status":"closed","ping_status":"closed","sticky":false,"template":"","format":"standard","meta":{"sfsi_plus_gutenberg_text_before_share":"","sfsi_plus_gutenberg_show_text_before_share":"","sfsi_plus_gutenberg_icon_type":"","sfsi_plus_gutenberg_icon_alignemt":"","sfsi_plus_gutenburg_max_per_row":"","footnotes":""},"categories":[50,12],"tags":[],"class_list":["post-174951","post","type-post","status-publish","format-standard","has-post-thumbnail","hentry","category-destaque","category-policia"],"_links":{"self":[{"href":"https:\/\/www.caririemacao.com\/1\/wp-json\/wp\/v2\/posts\/174951","targetHints":{"allow":["GET"]}}],"collection":[{"href":"https:\/\/www.caririemacao.com\/1\/wp-json\/wp\/v2\/posts"}],"about":[{"href":"https:\/\/www.caririemacao.com\/1\/wp-json\/wp\/v2\/types\/post"}],"author":[{"embeddable":true,"href":"https:\/\/www.caririemacao.com\/1\/wp-json\/wp\/v2\/users\/2"}],"replies":[{"embeddable":true,"href":"https:\/\/www.caririemacao.com\/1\/wp-json\/wp\/v2\/comments?post=174951"}],"version-history":[{"count":1,"href":"https:\/\/www.caririemacao.com\/1\/wp-json\/wp\/v2\/posts\/174951\/revisions"}],"predecessor-version":[{"id":174953,"href":"https:\/\/www.caririemacao.com\/1\/wp-json\/wp\/v2\/posts\/174951\/revisions\/174953"}],"wp:featuredmedia":[{"embeddable":true,"href":"https:\/\/www.caririemacao.com\/1\/wp-json\/wp\/v2\/media\/174952"}],"wp:attachment":[{"href":"https:\/\/www.caririemacao.com\/1\/wp-json\/wp\/v2\/media?parent=174951"}],"wp:term":[{"taxonomy":"category","embeddable":true,"href":"https:\/\/www.caririemacao.com\/1\/wp-json\/wp\/v2\/categories?post=174951"},{"taxonomy":"post_tag","embeddable":true,"href":"https:\/\/www.caririemacao.com\/1\/wp-json\/wp\/v2\/tags?post=174951"}],"curies":[{"name":"wp","href":"https:\/\/api.w.org\/{rel}","templated":true}]}}