{"id":175125,"date":"2020-06-20T06:18:29","date_gmt":"2020-06-20T09:18:29","guid":{"rendered":"https:\/\/www.caririemacao.com\/1\/?p=175125"},"modified":"2020-06-20T06:18:29","modified_gmt":"2020-06-20T09:18:29","slug":"prefeitura-de-monteiro-inicia-recuperacao-de-estradas-de-07-comunidades-da-zona-rural","status":"publish","type":"post","link":"https:\/\/www.caririemacao.com\/1\/2020\/06\/20\/prefeitura-de-monteiro-inicia-recuperacao-de-estradas-de-07-comunidades-da-zona-rural\/","title":{"rendered":"Prefeitura de Monteiro inicia recupera\u00e7\u00e3o de estradas de 07 comunidades da zona rural"},"content":{"rendered":"\n<p><a href=\"https:\/\/www.monteiro.pb.gov.br\/storage\/content\/noticias\/geral\/2261\/galeria\/novos-caminhos-prefeitura-de-monteiro-inicia-recuperacao-de-estradas-de-7-comunidades-da-zona-rural-2.jpeg\"><\/a>A prefeitura de Monteiro, atrav\u00e9s da Secretaria de Agricultura Meio Ambiente e Desenvolvimento Sustent\u00e1vel, vem cumprindo o cronograma de recupera\u00e7\u00e3o de estradas vicinais da zona rural do munic\u00edpio.<\/p>\n\n\n\n<p><br>Nesta quinta-feira (18), os trabalhos foram concentrados nas principais vias que d\u00e3o acesso aos S\u00edtios Pocinhos; S\u00edtio Picos; S\u00edtio Jabitac\u00e1 (continua\u00e7\u00e3o); S\u00edtio Olho D\u2019\u00e1gua do Sal\u00e3o; S\u00edtio Pindur\u00e3o; Gameleira e S\u00edtio Paraguay.<br>O trabalho de recupera\u00e7\u00e3o nas comunidades est\u00e1 sendo executado em quatro frentes de trabalho, com o patrolamento e corre\u00e7\u00e3o de n\u00edvel, al\u00e9m da sobreposi\u00e7\u00e3o de cascalho, coloca\u00e7\u00e3o de pedras e barreamento nos trechos de maior eros\u00e3o.<\/p>\n\n\n\n<p><br>Al\u00e9m da recupera\u00e7\u00e3o de estradas, a equipe respons\u00e1vel pela manuten\u00e7\u00e3o de eletrobombas e cataventos dos po\u00e7os p\u00fablicos, iniciou os servi\u00e7os na comunidade da Lagoa Grande, com a troca de Adaptadores, Registros, Cabe\u00e7as, Sola, Anilhas, Varetas de guia, Cilindros, Niples, Joelhos, Redu\u00e7\u00f5es, e Cord\u00f5es de Gaxeta.\u00a0<\/p>\n\n\n\n<figure class=\"wp-block-image\"><img decoding=\"async\" data-src=\"https:\/\/www.monteiro.pb.gov.br\/storage\/content\/noticias\/geral\/2261\/galeria\/novos-caminhos-prefeitura-de-monteiro-inicia-recuperacao-de-estradas-de-7-comunidades-da-zona-rural-1.jpeg\" alt=\"\" src=\"data:image\/svg+xml;base64,PHN2ZyB3aWR0aD0iMSIgaGVpZ2h0PSIxIiB4bWxucz0iaHR0cDovL3d3dy53My5vcmcvMjAwMC9zdmciPjwvc3ZnPg==\" class=\"lazyload\" \/><\/figure>\n\n\n\n<p>A prefeita de Monteiro, Anna Lorena, disse que todas as comunidades ser\u00e3o atendidas, dentro da programa\u00e7\u00e3o j\u00e1 estipulada, mas aquelas que porventura venham a ficar isoladas por causa das chuvas ter\u00e3o prioridade, bastando para isso que os presidentes de Associa\u00e7\u00e3o entrem em contato direto com a Secretaria de Agricultura.<\/p>\n","protected":false},"excerpt":{"rendered":"<p>A prefeitura de Monteiro, atrav\u00e9s da Secretaria de Agricultura Meio Ambiente e Desenvolvimento Sustent\u00e1vel, vem cumprindo o cronograma de recupera\u00e7\u00e3o de estradas vicinais da zona&hellip; <\/p>\n","protected":false},"author":2,"featured_media":175126,"comment_status":"closed","ping_status":"closed","sticky":false,"template":"","format":"standard","meta":{"sfsi_plus_gutenberg_text_before_share":"","sfsi_plus_gutenberg_show_text_before_share":"","sfsi_plus_gutenberg_icon_type":"","sfsi_plus_gutenberg_icon_alignemt":"","sfsi_plus_gutenburg_max_per_row":"","footnotes":""},"categories":[6,81],"tags":[],"class_list":["post-175125","post","type-post","status-publish","format-standard","has-post-thumbnail","hentry","category-cidades","category-monteiro"],"_links":{"self":[{"href":"https:\/\/www.caririemacao.com\/1\/wp-json\/wp\/v2\/posts\/175125","targetHints":{"allow":["GET"]}}],"collection":[{"href":"https:\/\/www.caririemacao.com\/1\/wp-json\/wp\/v2\/posts"}],"about":[{"href":"https:\/\/www.caririemacao.com\/1\/wp-json\/wp\/v2\/types\/post"}],"author":[{"embeddable":true,"href":"https:\/\/www.caririemacao.com\/1\/wp-json\/wp\/v2\/users\/2"}],"replies":[{"embeddable":true,"href":"https:\/\/www.caririemacao.com\/1\/wp-json\/wp\/v2\/comments?post=175125"}],"version-history":[{"count":1,"href":"https:\/\/www.caririemacao.com\/1\/wp-json\/wp\/v2\/posts\/175125\/revisions"}],"predecessor-version":[{"id":175127,"href":"https:\/\/www.caririemacao.com\/1\/wp-json\/wp\/v2\/posts\/175125\/revisions\/175127"}],"wp:featuredmedia":[{"embeddable":true,"href":"https:\/\/www.caririemacao.com\/1\/wp-json\/wp\/v2\/media\/175126"}],"wp:attachment":[{"href":"https:\/\/www.caririemacao.com\/1\/wp-json\/wp\/v2\/media?parent=175125"}],"wp:term":[{"taxonomy":"category","embeddable":true,"href":"https:\/\/www.caririemacao.com\/1\/wp-json\/wp\/v2\/categories?post=175125"},{"taxonomy":"post_tag","embeddable":true,"href":"https:\/\/www.caririemacao.com\/1\/wp-json\/wp\/v2\/tags?post=175125"}],"curies":[{"name":"wp","href":"https:\/\/api.w.org\/{rel}","templated":true}]}}