{"id":175129,"date":"2020-06-20T06:20:48","date_gmt":"2020-06-20T09:20:48","guid":{"rendered":"https:\/\/www.caririemacao.com\/1\/?p=175129"},"modified":"2020-06-20T06:20:48","modified_gmt":"2020-06-20T09:20:48","slug":"cartorio-de-registro-civil-de-monteiro-inova-e-realiza-casamentos-por-video-conferencia","status":"publish","type":"post","link":"https:\/\/www.caririemacao.com\/1\/2020\/06\/20\/cartorio-de-registro-civil-de-monteiro-inova-e-realiza-casamentos-por-video-conferencia\/","title":{"rendered":"Cart\u00f3rio de Registro Civil de Monteiro inova e realiza casamentos por v\u00eddeo confer\u00eancia"},"content":{"rendered":"\n<p>O Ju\u00edz Titular da Segunda Vara de Monteiro, juntamente com o Cart\u00f3rio de Registro Civil de Monteiro realizaram nesta sexta-feira, 19, o casamento de seis casais por v\u00eddeo confer\u00eancia.<\/p>\n\n\n\n<p>Para a realiza\u00e7\u00e3o do evento, que contou apenas com os casais, foram adotadas todas as medidas de preven\u00e7\u00e3o, como uso de m\u00e1scaras, o distanciamento entre os casais e o uso do \u00e1lcool 70% em todos os presentes.<\/p>\n\n\n\n<p>Os pr\u00f3ximos casamentos acontecer\u00e3o no pr\u00f3ximo m\u00eas de julho.<\/p>\n","protected":false},"excerpt":{"rendered":"<p>O Ju\u00edz Titular da Segunda Vara de Monteiro, juntamente com o Cart\u00f3rio de Registro Civil de Monteiro realizaram nesta sexta-feira, 19, o casamento de seis&hellip; <\/p>\n","protected":false},"author":2,"featured_media":175130,"comment_status":"closed","ping_status":"closed","sticky":false,"template":"","format":"standard","meta":{"sfsi_plus_gutenberg_text_before_share":"","sfsi_plus_gutenberg_show_text_before_share":"","sfsi_plus_gutenberg_icon_type":"","sfsi_plus_gutenberg_icon_alignemt":"","sfsi_plus_gutenburg_max_per_row":"","footnotes":""},"categories":[2],"tags":[],"class_list":["post-175129","post","type-post","status-publish","format-standard","has-post-thumbnail","hentry","category-geral"],"_links":{"self":[{"href":"https:\/\/www.caririemacao.com\/1\/wp-json\/wp\/v2\/posts\/175129","targetHints":{"allow":["GET"]}}],"collection":[{"href":"https:\/\/www.caririemacao.com\/1\/wp-json\/wp\/v2\/posts"}],"about":[{"href":"https:\/\/www.caririemacao.com\/1\/wp-json\/wp\/v2\/types\/post"}],"author":[{"embeddable":true,"href":"https:\/\/www.caririemacao.com\/1\/wp-json\/wp\/v2\/users\/2"}],"replies":[{"embeddable":true,"href":"https:\/\/www.caririemacao.com\/1\/wp-json\/wp\/v2\/comments?post=175129"}],"version-history":[{"count":1,"href":"https:\/\/www.caririemacao.com\/1\/wp-json\/wp\/v2\/posts\/175129\/revisions"}],"predecessor-version":[{"id":175131,"href":"https:\/\/www.caririemacao.com\/1\/wp-json\/wp\/v2\/posts\/175129\/revisions\/175131"}],"wp:featuredmedia":[{"embeddable":true,"href":"https:\/\/www.caririemacao.com\/1\/wp-json\/wp\/v2\/media\/175130"}],"wp:attachment":[{"href":"https:\/\/www.caririemacao.com\/1\/wp-json\/wp\/v2\/media?parent=175129"}],"wp:term":[{"taxonomy":"category","embeddable":true,"href":"https:\/\/www.caririemacao.com\/1\/wp-json\/wp\/v2\/categories?post=175129"},{"taxonomy":"post_tag","embeddable":true,"href":"https:\/\/www.caririemacao.com\/1\/wp-json\/wp\/v2\/tags?post=175129"}],"curies":[{"name":"wp","href":"https:\/\/api.w.org\/{rel}","templated":true}]}}