{"id":175134,"date":"2020-06-20T06:27:20","date_gmt":"2020-06-20T09:27:20","guid":{"rendered":"https:\/\/www.caririemacao.com\/1\/?p=175134"},"modified":"2020-06-20T06:27:20","modified_gmt":"2020-06-20T09:27:20","slug":"pb-ultrapassa-35-mil-casos-de-covid-19-e-apenas-nove-municipios-nao-tem-registros","status":"publish","type":"post","link":"https:\/\/www.caririemacao.com\/1\/2020\/06\/20\/pb-ultrapassa-35-mil-casos-de-covid-19-e-apenas-nove-municipios-nao-tem-registros\/","title":{"rendered":"PB ultrapassa 35 mil casos de Covid-19 e apenas nove munic\u00edpios n\u00e3o t\u00eam registros"},"content":{"rendered":"\n<p>A Secretaria de Estado da Sa\u00fade divulgou novo boletim epidemiol\u00f3gico que informa o n\u00famero de casos confirmados e de mortes pelo novo coronav\u00edrus. Os dados dizem respeito aos novos n\u00fameros das \u00faltimas 24h.<\/p>\n\n\n\n<p>Nesta sexta-feira, 19 de junho, a Para\u00edba registrou&nbsp;<strong>1.711 novos casos<\/strong>&nbsp;de Covid-19 e&nbsp;<strong>15 \u00f3bitos<\/strong>&nbsp;confirmados desde a \u00faltima atualiza\u00e7\u00e3o, sendo 04 deles nas \u00faltimas 24h. S\u00e3o&nbsp;<strong>35.093 pessoas<\/strong>&nbsp;que j\u00e1 contra\u00edram a doen\u00e7a,&nbsp;<strong>9.366 que j\u00e1 se recuperaram<\/strong>&nbsp;e&nbsp;<strong>724 faleceram<\/strong>. At\u00e9 o momento,&nbsp;<strong>99.593 testes<\/strong>&nbsp;para diagn\u00f3stico da covid-19 j\u00e1 foram realizados.<\/p>\n\n\n\n<p>A ocupa\u00e7\u00e3o total de leitos de UTI (adulto, pedi\u00e1trico e obst\u00e9trico) em todo o estado \u00e9 de 64%.<\/p>\n\n\n\n<p>\u201cFazendo um recorte apenas dos leitos de UTI para adultos na Regi\u00e3o Metropolitana de Jo\u00e3o Pessoa, a taxa de ocupa\u00e7\u00e3o chega a 74%. Em Campina Grande, est\u00e3o ocupados 64% dos leitos de UTI adulto e no sert\u00e3o, 46% dos leitos de UTI para adultos. O \u00edndice de Isolamento Social foi de apenas 40,8%, considerado baixo em rela\u00e7\u00e3o \u00e0 meta de 70% e \u00e0 m\u00ednima de 50%\u201d, revela o boletim.<\/p>\n\n\n\n<p>Os dados tamb\u00e9m mostram que Jo\u00e3o Pessoa ultrapassou os 10 mil casos e Campina Grande os 5,2 mil.<\/p>\n\n\n\n<p>Os casos confirmados est\u00e3o distribu\u00eddos por 214 dos 223 munic\u00edpios paraibanos, ou seja, apenas nove munic\u00edpios paraibanos n\u00e3o t\u00eam nenhum caso confirmado.<\/p>\n\n\n\n<p>\u00c1gua Branca (17); Aguiar (7); Alagoa Grande (255); Alagoa Nova (123); Alagoinha (270); Alcantil (6); Algod\u00e3o de Janda\u00edra (1); Alhandra (269); Amparo (12); Aparecida (17); Ara\u00e7agi (154); Arara (56); Araruna (28); Areia (115); Areia de Bara\u00fanas (1); Areial (19); Aroeiras (67); Assun\u00e7\u00e3o (21); Baia da Trai\u00e7\u00e3o (120); Bananeiras (62); Bara\u00fana (90); Barra de Santa Rosa (15); Barra de Santana (39); Barra de S\u00e3o Miguel (6); Bayeux (678); Bel\u00e9m (146); Bel\u00e9m do Brejo do Cruz (6); Bernardino Batista (2); Boa Ventura (1); Boa Vista (47); Bom Jesus (2); Bom Sucesso (5); Bonito de Santa F\u00e9 (1); Boqueir\u00e3o (74); Borborema (4); Brejo do Cruz (53); Brejo dos Santos (3);<\/p>\n\n\n\n<p>Caapor\u00e3 (660); Cabaceiras (2);&nbsp;<strong>Cabedelo (1530)<\/strong>; Cachoeira dos \u00cdndios (33); Cacimba de Areia (7); Cacimba de Dentro (38); Cacimbas (28); Cai\u00e7ara (92); Cajazeiras (309); Cajazeirinhas (1); Caldas Brand\u00e3o (45); Camala\u00fa (1);&nbsp;<strong>Campina Grande (5254<\/strong>); Capim (91); Cara\u00fabas (5); Carrapateira (1); Casserengue (80); Catingueira (10), Catol\u00e9 do Rocha (102); Caturit\u00e9 (36); Concei\u00e7\u00e3o (5); Condado (54); Conde (236); Congo (15); Coremas (24); Coxixola (8); Cruz do Esp\u00edrito Santo (166); Cubati (31); Cuit\u00e9 (42); Cuit\u00e9 de Mamanguape (28); Cuiteg\u00ed (77); Curral de Cima (15); Curral Velho (1),<\/p>\n\n\n\n<p>Dami\u00e3o (2); Desterro (25); Diamante (2); Dona In\u00eas (6); Duas Estradas (37); Emas (1); Esperan\u00e7a (188); Fagundes (26); Frei Martinho (1); Gado Bravo (52); Guarabira (1562); Gurinh\u00e9m (111); Gurj\u00e3o (17); Ibiara (5); Igaracy (2); Imaculada (11); Ing\u00e1 (224); Itabaiana (460); Itaporanga (15); Itapororoca (97); Itatuba (94); Jacara\u00fa (54); Jeric\u00f3 (3);&nbsp;<strong>Jo\u00e3o Pessoa (10065)<\/strong>; Joca Claudino (1); Juarez T\u00e1vora (80); Juazeirinho (84); Junco do Serid\u00f3 (16); Juripiranga (246); Juru (9);<\/p>\n\n\n\n<p>Lagoa (3); Lagoa de Dentro (11); Lagoa Seca (290); Lastro (10); Livramento (9); Logradouro (23); Lucena (140); M\u00e3e d\u2019\u00c1gua (11); Malta (19); Mamanguape (793); Mana\u00edra (2); Marca\u00e7\u00e3o (13); Mari (256); Mariz\u00f3polis (5); Massaranduba (89); Mataraca (71); Matinhas (31); Mato Grosso (6); Matureia (18); Mogeiro (49); Montadas (27); Monteiro (55); Mulungu (102); Natuba (25); Nazarezinho (4); Nova Floresta (9), Nova Olinda (5); Nova Palmeira (17); Olho D\u00b4\u00c1gua (24); Olivedos (17);&nbsp; Parari (2); Passagem (19); Patos (1020); Paulista (54); Pedra Lavrada (17); Pedras de Fogo (756); Pedro R\u00e9gis (3); Pianc\u00f3 (34); Picu\u00ed (58); Pilar (92); Pil\u00f5es (30); Pil\u00f5ezinhos (110); Pirpirituba (49); Pitimbu (385); Pocinhos (30);&nbsp; Pombal (108); Princesa Isabel (30); Puxinan\u00e3 (114);<\/p>\n\n\n\n<p>Queimadas (322); Quixaba (23); Rem\u00edgio (123); Riach\u00e3o (11); Riach\u00e3o do Bacamarte (157);&nbsp; Riach\u00e3o do Po\u00e7o (18); Riacho de Santo Ant\u00f4nio (6); Riacho dos Cavalos (3); Rio Tinto (279); Salgadinho (9); Salgado de S\u00e3o Felix (68); Santa Cec\u00edlia (11); Santa Cruz (6); Santa Helena (3); Santa In\u00eas (5);&nbsp; Santa Luzia (141); Santa Rita (1045); Santa Terezinha (25); Santana dos Garrotes (2); Santo Andr\u00e9 (1); S\u00e3o Bentinho (15); S\u00e3o Bento (466); S\u00e3o Domingos do Cariri (2);&nbsp; S\u00e3o Francisco (7);&nbsp; S\u00e3o Jo\u00e3o do Cariri (21); S\u00e3o Jo\u00e3o do Rio do Peixe (30); S\u00e3o Jo\u00e3o do Tigre (3); S\u00e3o Jos\u00e9 da Lagoa Tapada (17); S\u00e3o Jos\u00e9 de Caiana (22); S\u00e3o Jos\u00e9 de Espinharas (5); S\u00e3o Jos\u00e9 de Piranhas (21); S\u00e3o Jos\u00e9 do Bonfim (41); S\u00e3o Jos\u00e9 do Brejo do Cruz (1); S\u00e3o Jos\u00e9 do Sabugi (112);<\/p>\n\n\n\n<p>S\u00e3o Jos\u00e9 dos Cordeiros (3); S\u00e3o Jos\u00e9 dos Ramos (56); S\u00e3o Mamede (23); S\u00e3o Miguel de Taipu (59); S\u00e3o Sebasti\u00e3o de Lagoa de Ro\u00e7a (85); S\u00e3o Sebasti\u00e3o do Umbuzeiro (4); S\u00e3o Vicente do Serid\u00f3 (18); Sap\u00e9 (403); Serra Branca (20); Serra da Ra\u00edz (12); Serra Grande (3); Serra Redonda (96); Serraria (20); Sert\u00e3ozinho (29); Sobrado (60); Sol\u00e2nea (121); Soledade (64); Sossego (4), Sousa (391); Sum\u00e9 (28); Tacima (42); Tapero\u00e1 (40); Tavares (24); Teixeira (43); Ten\u00f3rio (7); Triunfo (1); Uira\u00fana (15); Umbuzeiro (22); V\u00e1rzea (4); Vieir\u00f3polis (4); Vista Serrana (3), Zabel\u00ea (1).<\/p>\n\n\n\n<p>*Dados Oficiais preliminares (fonte: SIM,e-sus VE e SIVEP) extra\u00eddos \u00e0s 10h do dia 19\/06, sujeitos \u00e0 altera\u00e7\u00e3o por parte dos munic\u00edpios.<\/p>\n\n\n\n<p>15 \u00f3bitos foram confirmados, sendo 04 deles nas \u00faltimas 24h.<\/p>\n\n\n\n<p>-Homem, 89 anos, residente em Araruna. Diab\u00e9tico, hipertenso, portador de doen\u00e7a respirat\u00f3ria. Paciente sequelado de AVC. In\u00edcio dos sintomas em 08\/05, veio a \u00f3bito em hospital p\u00fablico no dia 18\/06.<\/p>\n\n\n\n<p>-Homem, 80 anos, residente em Bayeux. Comorbidade n\u00e3o informada. Inicio dos sintomas em 13\/05, veio a \u00f3bito em hospital p\u00fablico no dia 22\/05.<\/p>\n\n\n\n<p>-Homem, 53 anos, residente em Bayeux. Hipertenso, diab\u00e9tico. In\u00edcio dos sintomas em 12\/05, veio a \u00f3bito em hospital p\u00fablico no dia 10\/06.<\/p>\n\n\n\n<p>-Mulher, 77 anos, residente em Cachoeira dos \u00cdndios. Hipertensa, portadora de doen\u00e7a neurol\u00f3gica. Paciente teve paralisia infantil. In\u00edcio dos sintomas em 26\/05, veio a \u00f3bito em hospital p\u00fablico no dia 15\/06.<\/p>\n\n\n\n<p>-Homem, 79 anos, residente em Cachoeira dos \u00cdndios. Cardiopata. In\u00edcio dos sintomas em 07\/06, veio a \u00f3bito em hospital p\u00fablico no dia 15\/06.<\/p>\n\n\n\n<p>-Homem, 76 anos, residente em Cajazeiras. Diab\u00e9tico. In\u00edcio dos sintomas em 21\/05, veio a \u00f3bito em hospital p\u00fablico no dia 14\/06.<\/p>\n\n\n\n<p>-Homem, 86 anos, residente em Cajazeiras. Comorbidade n\u00e3o informada. In\u00edcio dos sintomas em 21\/05, veio a \u00f3bito em hospital p\u00fablico no dia 03\/06.<\/p>\n\n\n\n<p>-Homem, 65 anos, residente em Campina Grande. Diab\u00e9tico, obeso, portador de doen\u00e7a renal e hipertiroidismo. In\u00edcio dos sintomas em 19\/05, veio a \u00f3bito em hospital p\u00fablico no dia 14\/06.<\/p>\n\n\n\n<p>-Mulher, 83 anos, residente em Catol\u00e9 do Rocha. Diab\u00e9tica, hipertensa. In\u00edcio dos sintomas em 27\/05, veio a \u00f3bito em hospital p\u00fablico no dia 17\/06.<\/p>\n\n\n\n<p>-Mulher, 48 anos, residente em Guarabira. Diab\u00e9tica. In\u00edcio dos sintomas em 10\/06, veio a \u00f3bito em hospital p\u00fablico no dia 17\/06.<\/p>\n\n\n\n<p>-Homem, 35 anos, residente em Patos. Portador de hansen\u00edase. In\u00edcio dos sintomas em 04\/06, veio a \u00f3bito em hospital p\u00fablico no dia 18\/06.<\/p>\n\n\n\n<p>-Homem, 50 anos, residente em Patos. Comorbidade n\u00e3o informada. In\u00edcio dos sintomas em 02\/06, veio a \u00f3bito em hospital p\u00fablico no dia 13\/06.<\/p>\n\n\n\n<p>-Homem, 81 anos, residente em Queimadas. Sem comorbidade. In\u00edcio dos sintomas em 03\/06, veio a \u00f3bito em hospital p\u00fablico no dia 18\/06.<\/p>\n\n\n\n<p>-Homem, 87 anos, residente em S\u00e3o Jos\u00e9 do Bonfim. Hipertenso. In\u00edcio dos sintomas em 21\/05, veio a \u00f3bito em hospital p\u00fablico no dia 18\/06.<\/p>\n\n\n\n<p>-Mulher, 85 anos, residente em Sap\u00e9. Diab\u00e9tica. In\u00edcio dos sintomas em 21\/05, veio a \u00f3bito em hospital privado no dia 06\/06.<\/p>\n\n\n\n<p>Os dados epidemiol\u00f3gicos e de ocupa\u00e7\u00e3o de leitos podem ser visualizados em paraiba.pb.gov.br\/coronavirus<\/p>\n","protected":false},"excerpt":{"rendered":"<p>A Secretaria de Estado da Sa\u00fade divulgou novo boletim epidemiol\u00f3gico que informa o n\u00famero de casos confirmados e de mortes pelo novo coronav\u00edrus. Os dados&hellip; <\/p>\n","protected":false},"author":2,"featured_media":173943,"comment_status":"closed","ping_status":"closed","sticky":false,"template":"","format":"standard","meta":{"sfsi_plus_gutenberg_text_before_share":"","sfsi_plus_gutenberg_show_text_before_share":"","sfsi_plus_gutenberg_icon_type":"","sfsi_plus_gutenberg_icon_alignemt":"","sfsi_plus_gutenburg_max_per_row":"","footnotes":""},"categories":[16],"tags":[],"class_list":["post-175134","post","type-post","status-publish","format-standard","has-post-thumbnail","hentry","category-saude"],"_links":{"self":[{"href":"https:\/\/www.caririemacao.com\/1\/wp-json\/wp\/v2\/posts\/175134","targetHints":{"allow":["GET"]}}],"collection":[{"href":"https:\/\/www.caririemacao.com\/1\/wp-json\/wp\/v2\/posts"}],"about":[{"href":"https:\/\/www.caririemacao.com\/1\/wp-json\/wp\/v2\/types\/post"}],"author":[{"embeddable":true,"href":"https:\/\/www.caririemacao.com\/1\/wp-json\/wp\/v2\/users\/2"}],"replies":[{"embeddable":true,"href":"https:\/\/www.caririemacao.com\/1\/wp-json\/wp\/v2\/comments?post=175134"}],"version-history":[{"count":1,"href":"https:\/\/www.caririemacao.com\/1\/wp-json\/wp\/v2\/posts\/175134\/revisions"}],"predecessor-version":[{"id":175135,"href":"https:\/\/www.caririemacao.com\/1\/wp-json\/wp\/v2\/posts\/175134\/revisions\/175135"}],"wp:featuredmedia":[{"embeddable":true,"href":"https:\/\/www.caririemacao.com\/1\/wp-json\/wp\/v2\/media\/173943"}],"wp:attachment":[{"href":"https:\/\/www.caririemacao.com\/1\/wp-json\/wp\/v2\/media?parent=175134"}],"wp:term":[{"taxonomy":"category","embeddable":true,"href":"https:\/\/www.caririemacao.com\/1\/wp-json\/wp\/v2\/categories?post=175134"},{"taxonomy":"post_tag","embeddable":true,"href":"https:\/\/www.caririemacao.com\/1\/wp-json\/wp\/v2\/tags?post=175134"}],"curies":[{"name":"wp","href":"https:\/\/api.w.org\/{rel}","templated":true}]}}