{"id":175140,"date":"2020-06-20T06:33:05","date_gmt":"2020-06-20T09:33:05","guid":{"rendered":"https:\/\/www.caririemacao.com\/1\/?p=175140"},"modified":"2020-06-20T06:33:05","modified_gmt":"2020-06-20T09:33:05","slug":"abono-do-pis-pasep-2020-2021-comeca-a-ser-pago-no-dia-30","status":"publish","type":"post","link":"https:\/\/www.caririemacao.com\/1\/2020\/06\/20\/abono-do-pis-pasep-2020-2021-comeca-a-ser-pago-no-dia-30\/","title":{"rendered":"Abono do PIS\/Pasep 2020\/2021 come\u00e7a a ser pago no dia 30"},"content":{"rendered":"\n<p>O pagamento do abono salarial do PIS\/Pasep ano-base 2019 ter\u00e1 in\u00edcio no dia 30 e t\u00e9rmino em 30 de junho de 2021, de acordo com informa\u00e7\u00f5es do Minist\u00e9rio da Economia. Para os trabalhadores da iniciativa privada, vinculados ao Programa de Integra\u00e7\u00e3o Social (PIS), a data de pagamento \u00e9 no m\u00eas do nascimento. J\u00e1 para os funcion\u00e1rios p\u00fablicos, associados ao Programa de Forma\u00e7\u00e3o do Patrim\u00f4nio do Servidor P\u00fablico (Pasep), \u00e9 o d\u00edgito final do n\u00famero de inscri\u00e7\u00e3o do Pasep.<img decoding=\"async\" data-src=\"https:\/\/agenciabrasil.ebc.com.br\/ebc.png?id=1309921&amp;o=node\" src=\"data:image\/svg+xml;base64,PHN2ZyB3aWR0aD0iMSIgaGVpZ2h0PSIxIiB4bWxucz0iaHR0cDovL3d3dy53My5vcmcvMjAwMC9zdmciPjwvc3ZnPg==\" class=\"lazyload\"><\/p>\n\n\n\n<p><a href=\"http:\/\/www.in.gov.br\/en\/web\/dou\/-\/resolucao-n-857-de-1-de-abril-de-2020-251136606\" target=\"_blank\" rel=\"noreferrer noopener\">Consulte aqui o calend\u00e1rio completo<\/a>.<\/p>\n\n\n\n<p>Para ter direito ao abono salarial do PIS\/Pasep \u00e9 necess\u00e1rio ter trabalhado formalmente por pelo menos 30 dias em 2019, com remunera\u00e7\u00e3o m\u00e9dia de at\u00e9 dois sal\u00e1rios m\u00ednimos e estar inscrito no PIS\/Pasep h\u00e1 pelo menos cinco anos e ter tido seus dados informados corretamente pelo empregador na Rela\u00e7\u00e3o Anual de Informa\u00e7\u00f5es Sociais (Rais).<\/p>\n\n\n\n<p>Neste ano, o abono traz uma novidade. Os trabalhadores com saques previstos para o ano de 2020 a partir de 30 de junho j\u00e1 v\u00e3o ter o dinheiro creditado na conta, no caso correntistas da Caixa Econ\u00f4mica Federal ou do Banco do Brasil. Para os demais participantes, o abono estar\u00e1 dispon\u00edvel a partir de 16 de julho.<\/p>\n\n\n\n<p>Os trabalhadores que nasceram entre julho e dezembro recebem o PIS ainda este ano. Os nascidos entre janeiro e junho ter\u00e3o o recurso dispon\u00edvel para saque no pr\u00f3ximo ano. Servidores p\u00fablicos com o final de inscri\u00e7\u00e3o do Pasep de 0 a 4 tamb\u00e9m recebem este ano e as inscri\u00e7\u00f5es com o final de 5 a 9 ficam para 2021.&nbsp;<\/p>\n\n\n\n<p><a href=\"http:\/\/trabalho.gov.br\/images\/Noticias\/Jun-2020\/tabela-pis-pasep.jpg\" target=\"_blank\" rel=\"noreferrer noopener\">Confira o calend\u00e1rio de pagamento<\/a>.<\/p>\n\n\n\n<p>Quem n\u00e3o sacou o abono do calend\u00e1rio 2019\/2020 poder\u00e1 efetuar o saque agora no calend\u00e1rio 2020\/2021 ou em at\u00e9 cinco anos, sem a necessidade de determina\u00e7\u00e3o judicial, conforme estabelece o\u00a0artigo 4\u00ba da Resolu\u00e7\u00e3o 838 do Codefat. Dessa forma, correntistas da Caixa e do Banco do Brasil ter\u00e3o os cr\u00e9ditos em conta dispon\u00edveis tamb\u00e9m a partir de 30 de junho e os demais trabalhadores poder\u00e3o fazer o saque a partir de 16 de julho.<\/p>\n\n\n\n<p>O valor do abono salarial ser\u00e1 calculado na propor\u00e7\u00e3o um doze avos (1\/12) do sal\u00e1rio m\u00ednimo vigente na data do pagamento. No caso de falecimento do participante, herdeiros t\u00eam direito ao saque.<\/p>\n\n\n\n<p><em>* Com informa\u00e7\u00f5es do Minist\u00e9rio da Economia<\/em><\/p>\n","protected":false},"excerpt":{"rendered":"<p>O pagamento do abono salarial do PIS\/Pasep ano-base 2019 ter\u00e1 in\u00edcio no dia 30 e t\u00e9rmino em 30 de junho de 2021, de acordo com&hellip; <\/p>\n","protected":false},"author":2,"featured_media":86060,"comment_status":"closed","ping_status":"closed","sticky":false,"template":"","format":"standard","meta":{"sfsi_plus_gutenberg_text_before_share":"","sfsi_plus_gutenberg_show_text_before_share":"","sfsi_plus_gutenberg_icon_type":"","sfsi_plus_gutenberg_icon_alignemt":"","sfsi_plus_gutenburg_max_per_row":"","footnotes":""},"categories":[50,2],"tags":[],"class_list":["post-175140","post","type-post","status-publish","format-standard","has-post-thumbnail","hentry","category-destaque","category-geral"],"_links":{"self":[{"href":"https:\/\/www.caririemacao.com\/1\/wp-json\/wp\/v2\/posts\/175140","targetHints":{"allow":["GET"]}}],"collection":[{"href":"https:\/\/www.caririemacao.com\/1\/wp-json\/wp\/v2\/posts"}],"about":[{"href":"https:\/\/www.caririemacao.com\/1\/wp-json\/wp\/v2\/types\/post"}],"author":[{"embeddable":true,"href":"https:\/\/www.caririemacao.com\/1\/wp-json\/wp\/v2\/users\/2"}],"replies":[{"embeddable":true,"href":"https:\/\/www.caririemacao.com\/1\/wp-json\/wp\/v2\/comments?post=175140"}],"version-history":[{"count":1,"href":"https:\/\/www.caririemacao.com\/1\/wp-json\/wp\/v2\/posts\/175140\/revisions"}],"predecessor-version":[{"id":175141,"href":"https:\/\/www.caririemacao.com\/1\/wp-json\/wp\/v2\/posts\/175140\/revisions\/175141"}],"wp:featuredmedia":[{"embeddable":true,"href":"https:\/\/www.caririemacao.com\/1\/wp-json\/wp\/v2\/media\/86060"}],"wp:attachment":[{"href":"https:\/\/www.caririemacao.com\/1\/wp-json\/wp\/v2\/media?parent=175140"}],"wp:term":[{"taxonomy":"category","embeddable":true,"href":"https:\/\/www.caririemacao.com\/1\/wp-json\/wp\/v2\/categories?post=175140"},{"taxonomy":"post_tag","embeddable":true,"href":"https:\/\/www.caririemacao.com\/1\/wp-json\/wp\/v2\/tags?post=175140"}],"curies":[{"name":"wp","href":"https:\/\/api.w.org\/{rel}","templated":true}]}}