{"id":175147,"date":"2020-06-20T06:51:27","date_gmt":"2020-06-20T09:51:27","guid":{"rendered":"https:\/\/www.caririemacao.com\/1\/?p=175147"},"modified":"2020-06-20T06:51:27","modified_gmt":"2020-06-20T09:51:27","slug":"coronavirus-brasil-passa-de-1-milhao-de-casos-confirmados","status":"publish","type":"post","link":"https:\/\/www.caririemacao.com\/1\/2020\/06\/20\/coronavirus-brasil-passa-de-1-milhao-de-casos-confirmados\/","title":{"rendered":"Coronav\u00edrus: Brasil passa de 1 milh\u00e3o de casos confirmados"},"content":{"rendered":"\n<p>Menos de quatro meses ap\u00f3s o primeiro caso diagnosticado de Covid-19, o Brasil atingiu nesta sexta-feira (19)\u00a0a marca de mais de 1 milh\u00e3o de infectados. O pa\u00eds tem mais de 48 mil mortos pela doen\u00e7a.<\/p>\n\n\n\n<p>Os dados foram compilados por um cons\u00f3rcio entre Folha de S.Paulo, O Estado de S. Paulo, Extra, O Globo, G1 e UOL. Os ve\u00edculos de imprensa se reuniram para informar n\u00fameros sobre o novo coronav\u00edrus, que s\u00e3o coletados com as secretarias estaduais de Sa\u00fade.<\/p>\n\n\n\n<p>A iniciativa do cons\u00f3rcio de ve\u00edculos de compilar e divulgar os dados sobre Covid-19 \u00e9 uma resposta a atitudes recentes do governo Jair Bolsonaro (sem partido), que amea\u00e7ou sonegar dados, atrasou boletins, retirou informa\u00e7\u00f5es do ar, deixou de divulgar totais de casos e mortes e divulgou informa\u00e7\u00f5es conflitantes.<\/p>\n\n\n\n<p>At\u00e9 \u00e0s 14h deste sexta-feira (19), 1.009.699 pessoas haviam contra\u00eddo a doen\u00e7a no pa\u00eds segundo registros oficiais -o n\u00famero provavelmente \u00e9 m\u00faltiplas vezes maior, dados os ind\u00edcios de subnotifica\u00e7\u00e3o. Tamb\u00e9m foram registrados 48.427 \u00f3bitos no total, 558 deles desde as 20h.<\/p>\n\n\n\n<p>Desde o dia 12 de junho, o Brasil \u00e9 o segundo pa\u00eds com o maior n\u00famero de mortes por Covid-19, atr\u00e1s apenas dos Estados Unidos. Na sua d\u00e9cima quinta semana de pandemia, tem uma taxa de 22,5 mortos por 100 mil habitantes.<\/p>\n\n\n\n<p>Mais de 450 mil mortes foram registradas no mundo devido ao v\u00edrus, que j\u00e1 infectou 8 milh\u00f5es de pessoas. Com um quarto dos \u00f3bitos e do total de casos, os EUA s\u00e3o o pa\u00eds mais atingido.<\/p>\n\n\n\n<p>No Brasil, a m\u00e9dia menor de casos por habitantes \u00e9 menor do que outros pa\u00edses. O Reino Unido, por exemplo, terceiro com mais \u00f3bitos registra 63,2 mortos para cada 100 mil habitantes. Os EUA t\u00eam m\u00e9dia de 36 mortes por 100 mil habitantes.<\/p>\n\n\n\n<p>Na Argentina, onde a pandemia desembarcou nove dias mais tarde que no Brasil e que seguiu uma quarentena muito mais r\u00edgida, o \u00edndice \u00e9 de 1,7 morte por 100 mil habitantes.<\/p>\n\n\n\n<p>O Brasil teve o primeiro paciente diagnosticado com o novo coronav\u00edrus em 25 de fevereiro. No in\u00edcio da segunda quinzena de mar\u00e7o, no dia 16, houve o registro da primeira morte, do porteiro aposentado Manoel Messias Freitas Filho. A doen\u00e7a come\u00e7ava a se espalhar pelo pa\u00eds, que tinha 200 casos confirmados na \u00e9poca.<\/p>\n\n\n\n<p>No m\u00eas em que houve o primeiro \u00f3bito no Brasil por Covid-19, o presidente da Rep\u00fablica minimizou o impacto da doen\u00e7a. Ap\u00f3s realizar exames para checar se havia sido infectado, ele afirmou que o novo coronav\u00edrus era uma \u201cgripezinha\u201d. Segundo os exames divulgados em maio, Bolsonaro testou negativo.<\/p>\n\n\n\n<p>Bolsonaro negava a gravidade mesmo ap\u00f3s a OMS (Organiza\u00e7\u00e3o Mundial da Sa\u00fade) declarar que havia uma pandemia em curso no mundo. Em 11 de mar\u00e7o, a entidade argumentou que a doen\u00e7a estava disseminada por mais de cem pa\u00edses, em todos os continentes.<\/p>\n\n\n\n<p>No Brasil, o presidente criticava a a\u00e7\u00e3o de governadores que fecharam escolas, com\u00e9rcio e outros estabelecimentos, medidas recomendas para tentar barrar a transmiss\u00e3o.<\/p>\n\n\n\n<p>\u201cEsse v\u00edrus trouxe uma certa histeria\u201d, afirmou no dia 17 de mar\u00e7o, em entrevista \u00e0 r\u00e1dio Tupi.<\/p>\n\n\n\n<p>O posicionamento levou \u00e0 demiss\u00e3o do ministro da Sa\u00fade, Luiz Henrique Mandetta, que defendia o isolamento social para evitar a dissemina\u00e7\u00e3o do v\u00edrus. Ele foi substiu\u00eddo por Nelson Teich, que pediu para sair menos de um m\u00eas ap\u00f3s assumir o cargo.<\/p>\n\n\n\n<p>Aliado de Bolsonaro na campanha eleitoral, o m\u00e9dico foi, durante a sua gest\u00e3o, pressionado pelo presidente para ampliar o uso da cloroquina para pacientes com quadros leves da Covid-19, apesar da falta de evid\u00eancias cient\u00edficas do medicamento no tratamento do novo coronav\u00edrus. Atualmente, o general Eduardo Pazuello ocupa o cargo de ministro interino da Sa\u00fade.<\/p>\n\n\n\n<p>Em meio \u00e0s trocas e a instabilidade pol\u00edtica, o pa\u00eds registrou um crescimento exponencial de casos e mortes em decorr\u00eancia da pandemia, principalmente a partir de maio. H\u00e1 dois meses, em 19 de abril, foram registradas 109 mortes no dia e o pa\u00eds tinha um acumulado de 38 mil casos. Um m\u00eas depois, em 19 maio, houve 1.179 \u00f3bitos no dia e o total de infectados j\u00e1 era de 271 mil, segundo dados do Minist\u00e9rio da Sa\u00fade.<\/p>\n\n\n\n<p>O Brasil passou a ser visto internacionalmente como um fracasso no combate ao novo coronav\u00edrus. A OMS afirmou, em maio, que o caso brasileiro era \u201cpreocupante\u201d. A Am\u00e9rica Latina se tornou, segundo a entidade, o novo epicentro da pandemia.<\/p>\n\n\n\n<p>Nesta sexta, o diretor-executivo da OMS, Michael Ryan apontou que um dado que o assusta no Brasil \u00e9 o de 15 mil casos de Covid-19 entre m\u00e9dicos, 19 mil entre enfermeiros e mais de 40 mil casos entre t\u00e9cnicos e outros profissionais de hospitais.<\/p>\n\n\n\n<p>\u201cOs profissionais de sa\u00fade j\u00e1 s\u00e3o 12% de todos os casos da doen\u00e7a\u201d, afirmou.<\/p>\n\n\n\n<p>Ele alertou tamb\u00e9m para capacidade das UTIs sob press\u00e3o em algumas regi\u00f5es.<\/p>\n\n\n\n<p>\u201cMas \u00e9 dif\u00edcil para qualquer sistema resistir a esse aumento persistente no n\u00famero de casos, e isso requer que as esferas federal e estaduais trabalhem juntas\u201d, disse ele.<\/p>\n\n\n\n<p>Na pr\u00f3xima semana, o Brasil chegar\u00e1 ao quarto m\u00eas do v\u00edrus no pa\u00eds. Desde ent\u00e3o, segundo os especialistas, ainda n\u00e3o houve uma queda consider\u00e1vel no cont\u00e1gio. De acordo com c\u00e1lculos do Imperial College, uma das principais institui\u00e7\u00f5es globais de pesquisa de epidemias, o pa\u00eds ainda apresenta taxa acima de 1, o que indica que a transmiss\u00e3o est\u00e1 fora de controle.<\/p>\n\n\n\n<p>O n\u00famero, tamb\u00e9m chamado de Rt, indica para quantas pessoas na m\u00e9dia cada infectado com o coronav\u00edrus transmite o pat\u00f3geno.<\/p>\n\n\n\n<p>A taxa de cont\u00e1gio calculada nesta semana para o Brasil \u00e9 de 1,05, ou seja, cada 100 pessoas contaminadas transmitem o coronav\u00edrus para outras 105, que por sua vez transmitem para 110,25 e assim por diante, fazendo com que a doen\u00e7a se espalhe em velocidade progressiva.<\/p>\n\n\n\n<p>Na semana passada, a taxa calculada para o pa\u00eds era de 1,08; no final de abril, chegou a 2,8. Esta \u00e9 a oitava semana seguida em que o Brasil registra transmiss\u00e3o fora de controle.<\/p>\n","protected":false},"excerpt":{"rendered":"<p>Menos de quatro meses ap\u00f3s o primeiro caso diagnosticado de Covid-19, o Brasil atingiu nesta sexta-feira (19)\u00a0a marca de mais de 1 milh\u00e3o de infectados.&hellip; <\/p>\n","protected":false},"author":2,"featured_media":174790,"comment_status":"closed","ping_status":"closed","sticky":false,"template":"","format":"standard","meta":{"sfsi_plus_gutenberg_text_before_share":"","sfsi_plus_gutenberg_show_text_before_share":"","sfsi_plus_gutenberg_icon_type":"","sfsi_plus_gutenberg_icon_alignemt":"","sfsi_plus_gutenburg_max_per_row":"","footnotes":""},"categories":[16],"tags":[],"class_list":["post-175147","post","type-post","status-publish","format-standard","has-post-thumbnail","hentry","category-saude"],"_links":{"self":[{"href":"https:\/\/www.caririemacao.com\/1\/wp-json\/wp\/v2\/posts\/175147","targetHints":{"allow":["GET"]}}],"collection":[{"href":"https:\/\/www.caririemacao.com\/1\/wp-json\/wp\/v2\/posts"}],"about":[{"href":"https:\/\/www.caririemacao.com\/1\/wp-json\/wp\/v2\/types\/post"}],"author":[{"embeddable":true,"href":"https:\/\/www.caririemacao.com\/1\/wp-json\/wp\/v2\/users\/2"}],"replies":[{"embeddable":true,"href":"https:\/\/www.caririemacao.com\/1\/wp-json\/wp\/v2\/comments?post=175147"}],"version-history":[{"count":1,"href":"https:\/\/www.caririemacao.com\/1\/wp-json\/wp\/v2\/posts\/175147\/revisions"}],"predecessor-version":[{"id":175148,"href":"https:\/\/www.caririemacao.com\/1\/wp-json\/wp\/v2\/posts\/175147\/revisions\/175148"}],"wp:featuredmedia":[{"embeddable":true,"href":"https:\/\/www.caririemacao.com\/1\/wp-json\/wp\/v2\/media\/174790"}],"wp:attachment":[{"href":"https:\/\/www.caririemacao.com\/1\/wp-json\/wp\/v2\/media?parent=175147"}],"wp:term":[{"taxonomy":"category","embeddable":true,"href":"https:\/\/www.caririemacao.com\/1\/wp-json\/wp\/v2\/categories?post=175147"},{"taxonomy":"post_tag","embeddable":true,"href":"https:\/\/www.caririemacao.com\/1\/wp-json\/wp\/v2\/tags?post=175147"}],"curies":[{"name":"wp","href":"https:\/\/api.w.org\/{rel}","templated":true}]}}