{"id":175150,"date":"2020-06-20T06:53:53","date_gmt":"2020-06-20T09:53:53","guid":{"rendered":"https:\/\/www.caririemacao.com\/1\/?p=175150"},"modified":"2020-06-20T06:53:53","modified_gmt":"2020-06-20T09:53:53","slug":"sancionada-lei-estadual-que-proibe-acender-fogueiras-em-espacos-urbanos-enquanto-durar-pandemia","status":"publish","type":"post","link":"https:\/\/www.caririemacao.com\/1\/2020\/06\/20\/sancionada-lei-estadual-que-proibe-acender-fogueiras-em-espacos-urbanos-enquanto-durar-pandemia\/","title":{"rendered":"Sancionada lei estadual que pro\u00edbe acender fogueiras em espa\u00e7os urbanos enquanto durar pandemia"},"content":{"rendered":"\n<p>O governador Jo\u00e3o Azev\u00eado sancionou, nesta sexta-feira (19), a lei estadual n\u00ba 1.871\/2020, que disp\u00f5e sobre a proibi\u00e7\u00e3o de acender fogueiras em espa\u00e7os urbanos no \u00e2mbito do Estado da Para\u00edba enquanto perdurar a pandemia da Covid-19. O\u00a0Projeto de Lei (PL), de autoria do deputado Adriano Galdino, foi aprovado\u00a0na Assembleia Legislativa da Para\u00edba\u00a0na sess\u00e3o remota dessa quinta-feira (18).<\/p>\n\n\n\n<p>A lei vai proteger v\u00edtimas da Covid-19 e pessoas com problemas respirat\u00f3rios. A proibi\u00e7\u00e3o visa evitar a gera\u00e7\u00e3o de fuma\u00e7a e poeira que possa agravar s\u00edndromes respirat\u00f3rias e causar risco de interna\u00e7\u00e3o ou morte de pessoas nesse per\u00edodo de pandemia do novo coronav\u00edrus, em que \u00e9 necess\u00e1rio evitar a superlota\u00e7\u00e3o de unidades de sa\u00fade.<\/p>\n\n\n\n<figure class=\"wp-block-image\"><img decoding=\"async\" data-src=\"https:\/\/www.clickpb.com.br\/media\/filer_public\/24\/cf\/24cfb043-c38a-4d09-b83c-d4d4c9755540\/sancionada_lei_estadual_que_proibe_acender_fogueiras_em_espacos_urbanos_enquanto_durar_pandemia.jpg\" alt=\"\" src=\"data:image\/svg+xml;base64,PHN2ZyB3aWR0aD0iMSIgaGVpZ2h0PSIxIiB4bWxucz0iaHR0cDovL3d3dy53My5vcmcvMjAwMC9zdmciPjwvc3ZnPg==\" class=\"lazyload\" \/><\/figure>\n","protected":false},"excerpt":{"rendered":"<p>O governador Jo\u00e3o Azev\u00eado sancionou, nesta sexta-feira (19), a lei estadual n\u00ba 1.871\/2020, que disp\u00f5e sobre a proibi\u00e7\u00e3o de acender fogueiras em espa\u00e7os urbanos no&hellip; <\/p>\n","protected":false},"author":2,"featured_media":175151,"comment_status":"closed","ping_status":"closed","sticky":false,"template":"","format":"standard","meta":{"sfsi_plus_gutenberg_text_before_share":"","sfsi_plus_gutenberg_show_text_before_share":"","sfsi_plus_gutenberg_icon_type":"","sfsi_plus_gutenberg_icon_alignemt":"","sfsi_plus_gutenburg_max_per_row":"","footnotes":""},"categories":[50,2],"tags":[],"class_list":["post-175150","post","type-post","status-publish","format-standard","has-post-thumbnail","hentry","category-destaque","category-geral"],"_links":{"self":[{"href":"https:\/\/www.caririemacao.com\/1\/wp-json\/wp\/v2\/posts\/175150","targetHints":{"allow":["GET"]}}],"collection":[{"href":"https:\/\/www.caririemacao.com\/1\/wp-json\/wp\/v2\/posts"}],"about":[{"href":"https:\/\/www.caririemacao.com\/1\/wp-json\/wp\/v2\/types\/post"}],"author":[{"embeddable":true,"href":"https:\/\/www.caririemacao.com\/1\/wp-json\/wp\/v2\/users\/2"}],"replies":[{"embeddable":true,"href":"https:\/\/www.caririemacao.com\/1\/wp-json\/wp\/v2\/comments?post=175150"}],"version-history":[{"count":1,"href":"https:\/\/www.caririemacao.com\/1\/wp-json\/wp\/v2\/posts\/175150\/revisions"}],"predecessor-version":[{"id":175152,"href":"https:\/\/www.caririemacao.com\/1\/wp-json\/wp\/v2\/posts\/175150\/revisions\/175152"}],"wp:featuredmedia":[{"embeddable":true,"href":"https:\/\/www.caririemacao.com\/1\/wp-json\/wp\/v2\/media\/175151"}],"wp:attachment":[{"href":"https:\/\/www.caririemacao.com\/1\/wp-json\/wp\/v2\/media?parent=175150"}],"wp:term":[{"taxonomy":"category","embeddable":true,"href":"https:\/\/www.caririemacao.com\/1\/wp-json\/wp\/v2\/categories?post=175150"},{"taxonomy":"post_tag","embeddable":true,"href":"https:\/\/www.caririemacao.com\/1\/wp-json\/wp\/v2\/tags?post=175150"}],"curies":[{"name":"wp","href":"https:\/\/api.w.org\/{rel}","templated":true}]}}