{"id":175154,"date":"2020-06-20T06:56:41","date_gmt":"2020-06-20T09:56:41","guid":{"rendered":"https:\/\/www.caririemacao.com\/1\/?p=175154"},"modified":"2020-06-20T06:56:41","modified_gmt":"2020-06-20T09:56:41","slug":"ufpb-tera-aulas-virtuais-no-periodo-letivo-2020-1-durante-a-pandemia-do-novo-coronavirus-e-fornecera-recursos-para-estudantes-com-baixa-renda","status":"publish","type":"post","link":"https:\/\/www.caririemacao.com\/1\/2020\/06\/20\/ufpb-tera-aulas-virtuais-no-periodo-letivo-2020-1-durante-a-pandemia-do-novo-coronavirus-e-fornecera-recursos-para-estudantes-com-baixa-renda\/","title":{"rendered":"UFPB ter\u00e1 aulas virtuais no per\u00edodo letivo 2020.1 durante a pandemia do novo coronav\u00edrus e fornecer\u00e1 recursos para estudantes com baixa renda"},"content":{"rendered":"\n<p>A reitora Margareth Diniz confirmou que o per\u00edodo letivo 2020.1 vai come\u00e7ar com aulas no modelo EAD (Educa\u00e7\u00e3o a Dist\u00e2ncia) por causa da pandemia do novo coronav\u00edrus. Em entrevista \u00e0 TV Correio nessa quinta-feira (18), ela declarou que os estudantes com baixa renda ter\u00e3o acesso a chips cedidos pela institui\u00e7\u00e3o e est\u00e1 tentando conseguir notebooks para tamb\u00e9m suprir a necessidade desses alunos.<\/p>\n\n\n\n<p>A reitora explicou que o Minist\u00e9rio da Educa\u00e7\u00e3o (MEC) informou, em reuni\u00e3o na semana passada, que vai fornecer os chips de 20GB de dados para aqueles que t\u00eam at\u00e9 meio sal\u00e1rio m\u00ednimo per capita. Mas ela informou que a universidade vai ampliar esse atendimento, atrav\u00e9s do Programa de Assist\u00eancia Estudantil, e beneficiar alunos com at\u00e9 1,5 sal\u00e1rio m\u00ednimo, quase 5 mil.<\/p>\n\n\n\n<p>Atualmente, os estudantes da UFPB est\u00e3o opcionalmente participando de atividades suplementares virtuais, que poder\u00e3o ser registradas no curr\u00edculo acad\u00eamico. Eles aguardam o in\u00edcio do per\u00edodo letivo 2020.1.<\/p>\n","protected":false},"excerpt":{"rendered":"<p>A reitora Margareth Diniz confirmou que o per\u00edodo letivo 2020.1 vai come\u00e7ar com aulas no modelo EAD (Educa\u00e7\u00e3o a Dist\u00e2ncia) por causa da pandemia do&hellip; <\/p>\n","protected":false},"author":2,"featured_media":165080,"comment_status":"closed","ping_status":"closed","sticky":false,"template":"","format":"standard","meta":{"sfsi_plus_gutenberg_text_before_share":"","sfsi_plus_gutenberg_show_text_before_share":"","sfsi_plus_gutenberg_icon_type":"","sfsi_plus_gutenberg_icon_alignemt":"","sfsi_plus_gutenburg_max_per_row":"","footnotes":""},"categories":[14],"tags":[],"class_list":["post-175154","post","type-post","status-publish","format-standard","has-post-thumbnail","hentry","category-educacao"],"_links":{"self":[{"href":"https:\/\/www.caririemacao.com\/1\/wp-json\/wp\/v2\/posts\/175154","targetHints":{"allow":["GET"]}}],"collection":[{"href":"https:\/\/www.caririemacao.com\/1\/wp-json\/wp\/v2\/posts"}],"about":[{"href":"https:\/\/www.caririemacao.com\/1\/wp-json\/wp\/v2\/types\/post"}],"author":[{"embeddable":true,"href":"https:\/\/www.caririemacao.com\/1\/wp-json\/wp\/v2\/users\/2"}],"replies":[{"embeddable":true,"href":"https:\/\/www.caririemacao.com\/1\/wp-json\/wp\/v2\/comments?post=175154"}],"version-history":[{"count":1,"href":"https:\/\/www.caririemacao.com\/1\/wp-json\/wp\/v2\/posts\/175154\/revisions"}],"predecessor-version":[{"id":175155,"href":"https:\/\/www.caririemacao.com\/1\/wp-json\/wp\/v2\/posts\/175154\/revisions\/175155"}],"wp:featuredmedia":[{"embeddable":true,"href":"https:\/\/www.caririemacao.com\/1\/wp-json\/wp\/v2\/media\/165080"}],"wp:attachment":[{"href":"https:\/\/www.caririemacao.com\/1\/wp-json\/wp\/v2\/media?parent=175154"}],"wp:term":[{"taxonomy":"category","embeddable":true,"href":"https:\/\/www.caririemacao.com\/1\/wp-json\/wp\/v2\/categories?post=175154"},{"taxonomy":"post_tag","embeddable":true,"href":"https:\/\/www.caririemacao.com\/1\/wp-json\/wp\/v2\/tags?post=175154"}],"curies":[{"name":"wp","href":"https:\/\/api.w.org\/{rel}","templated":true}]}}