{"id":175157,"date":"2020-06-20T06:59:30","date_gmt":"2020-06-20T09:59:30","guid":{"rendered":"https:\/\/www.caririemacao.com\/1\/?p=175157"},"modified":"2020-06-20T06:59:30","modified_gmt":"2020-06-20T09:59:30","slug":"artistas-podem-se-inscrever-ate-domingo-em-edital-com-150-vagas-para-projetos-culturais-na-paraiba","status":"publish","type":"post","link":"https:\/\/www.caririemacao.com\/1\/2020\/06\/20\/artistas-podem-se-inscrever-ate-domingo-em-edital-com-150-vagas-para-projetos-culturais-na-paraiba\/","title":{"rendered":"Artistas podem se inscrever at\u00e9 domingo em edital com 150 vagas para projetos culturais na Para\u00edba"},"content":{"rendered":"\n<p>Os artistas que tiverem interesse em concorrer a uma das 150 vagas para desenvolver projetos culturais na Para\u00edba devem se inscrever at\u00e9 domingo (21) no edital do&nbsp;projeto #CULTURAPBNAWEB. A ideia da iniciativa \u00e9 proporcionar cultura, arte, entretenimento e atividades formativas para a popula\u00e7\u00e3o que se encontra em isolamento social e beneficiar artistas de diversas \u00e1reas afetados pela pandemia.&nbsp;<a href=\"https:\/\/paraiba.pb.gov.br\/diretas\/secretaria-da-cultura\/edital-cultura-pb-na-web\">acessar o link aqui para ler o edital e se inscrever<\/a>.&nbsp;&nbsp;<\/p>\n\n\n\n<p>Cada proposta selecionada ter\u00e1 direito a um cach\u00ea de R$ 1,2 mil, totalizando um investimento de R$ 180 mil. As propostas culturais em formato digital ser\u00e3o divulgadas em plataformas e tecnologias dispon\u00edveis on-line a partir do dia 14 de julho e uma das exig\u00eancias do edital \u00e9 que seu conte\u00fado seja de classifica\u00e7\u00e3o et\u00e1ria indicativa livre.&nbsp;<\/p>\n\n\n\n<p>As categorias s\u00e3o: Apresenta\u00e7\u00e3o e Performance Art\u00edstica, Curso, Oficina e Workshop, E-Books e Hist\u00f3ria em Quadrinhos, Podcast, Exibi\u00e7\u00e3o de Curta-Metragem e Exposi\u00e7\u00e3o, Interven\u00e7\u00e3o e Galeria de Arte Virtual.&nbsp;<\/p>\n\n\n\n<p>Categorias \u2013 As propostas culturais em formato digital est\u00e3o assim definidas:<\/p>\n\n\n\n<p>&#8211; Apresenta\u00e7\u00e3o e Performance Art\u00edstica, com conte\u00fado de car\u00e1ter perform\u00e1tico, disponibilizado em formato audiovisual, digital, com dura\u00e7\u00e3o entre 15 e 45 minutos, relacionado \u00e0s artes c\u00eanicas, artes visuais, literatura, humor, m\u00fasica e patrim\u00f4nio cultural imaterial, assim como \u00e0 diversidade de express\u00f5es est\u00e9ticas decorrentes desses segmentos;&nbsp;<\/p>\n\n\n\n<p>&#8211; Cursos, oficinas e workshops de car\u00e1ter formativo, tamb\u00e9m em formato audiovisual, digital, podendo ser utilizado o modelo seriado, relacionado \u00e0s artes c\u00eanicas, artes visuais, literatura, cinema, m\u00fasica e patrim\u00f4nio cultural imaterial, assim como \u00e0 diversidade de atividades laborais, de habilidades e de t\u00e9cnicas;<\/p>\n\n\n\n<p>&nbsp;&#8211; E-book e hist\u00f3ria em quadrinhos, de conte\u00fado liter\u00e1rio em formato digital, com caracter\u00edsticas de livro padr\u00e3o ou conjunto de posts para a internet, relacionado a temas como cultura, arte e hist\u00f3ria paraibana;&nbsp;<\/p>\n\n\n\n<p>&#8211; Podcasts de car\u00e1ter l\u00fadico-formativo, disponibilizado em formato de \u00e1udio, utilizando o modelo seriado, incluindo hist\u00f3rias, relatos, reflex\u00f5es, entrevistas, entre outros;<\/p>\n\n\n\n<p>&#8211; Exibi\u00e7\u00e3o de curta-metragens, obras audiovisuais, digitais, de g\u00eanero fic\u00e7\u00e3o, document\u00e1rio ou anima\u00e7\u00e3o, produzida na Para\u00edba, finalizadas entre 2016 e 2020, com dura\u00e7\u00e3o de at\u00e9 20 (vinte) minutos;&nbsp;<\/p>\n\n\n\n<p>&#8211; Exposi\u00e7\u00f5es, interven\u00e7\u00f5es e galerias de arte virtual, de conte\u00fado contemplativo, disponibilizadas em formato digital.&nbsp;<\/p>\n","protected":false},"excerpt":{"rendered":"<p>Os artistas que tiverem interesse em concorrer a uma das 150 vagas para desenvolver projetos culturais na Para\u00edba devem se inscrever at\u00e9 domingo (21) no&hellip; <\/p>\n","protected":false},"author":2,"featured_media":88201,"comment_status":"closed","ping_status":"closed","sticky":false,"template":"","format":"standard","meta":{"sfsi_plus_gutenberg_text_before_share":"","sfsi_plus_gutenberg_show_text_before_share":"","sfsi_plus_gutenberg_icon_type":"","sfsi_plus_gutenberg_icon_alignemt":"","sfsi_plus_gutenburg_max_per_row":"","footnotes":""},"categories":[2],"tags":[],"class_list":["post-175157","post","type-post","status-publish","format-standard","has-post-thumbnail","hentry","category-geral"],"_links":{"self":[{"href":"https:\/\/www.caririemacao.com\/1\/wp-json\/wp\/v2\/posts\/175157","targetHints":{"allow":["GET"]}}],"collection":[{"href":"https:\/\/www.caririemacao.com\/1\/wp-json\/wp\/v2\/posts"}],"about":[{"href":"https:\/\/www.caririemacao.com\/1\/wp-json\/wp\/v2\/types\/post"}],"author":[{"embeddable":true,"href":"https:\/\/www.caririemacao.com\/1\/wp-json\/wp\/v2\/users\/2"}],"replies":[{"embeddable":true,"href":"https:\/\/www.caririemacao.com\/1\/wp-json\/wp\/v2\/comments?post=175157"}],"version-history":[{"count":1,"href":"https:\/\/www.caririemacao.com\/1\/wp-json\/wp\/v2\/posts\/175157\/revisions"}],"predecessor-version":[{"id":175158,"href":"https:\/\/www.caririemacao.com\/1\/wp-json\/wp\/v2\/posts\/175157\/revisions\/175158"}],"wp:featuredmedia":[{"embeddable":true,"href":"https:\/\/www.caririemacao.com\/1\/wp-json\/wp\/v2\/media\/88201"}],"wp:attachment":[{"href":"https:\/\/www.caririemacao.com\/1\/wp-json\/wp\/v2\/media?parent=175157"}],"wp:term":[{"taxonomy":"category","embeddable":true,"href":"https:\/\/www.caririemacao.com\/1\/wp-json\/wp\/v2\/categories?post=175157"},{"taxonomy":"post_tag","embeddable":true,"href":"https:\/\/www.caririemacao.com\/1\/wp-json\/wp\/v2\/tags?post=175157"}],"curies":[{"name":"wp","href":"https:\/\/api.w.org\/{rel}","templated":true}]}}