{"id":175160,"date":"2020-06-20T07:57:50","date_gmt":"2020-06-20T10:57:50","guid":{"rendered":"https:\/\/www.caririemacao.com\/1\/?p=175160"},"modified":"2020-06-20T07:57:50","modified_gmt":"2020-06-20T10:57:50","slug":"serra-branca-confirma-segundo-obito-de-paciente-infectada-pela-covid-19","status":"publish","type":"post","link":"https:\/\/www.caririemacao.com\/1\/2020\/06\/20\/serra-branca-confirma-segundo-obito-de-paciente-infectada-pela-covid-19\/","title":{"rendered":"Serra Branca confirma segundo \u00f3bito de paciente infectada pela Covid-19"},"content":{"rendered":"\n<p>A Secretaria de Sa\u00fade de Serra Branca confirmou nas primeiras horas deste s\u00e1bado (20) o segundo \u00f3bito decorrente da Covid-19 no \u00e2mbito do munic\u00edpio. Trata-se de uma jovem de 26 anos, que teve seu quadro de sa\u00fade repentinamente agravado e ao realizar o pr\u00f3prio teste r\u00e1pido confirmou a infec\u00e7\u00e3o com a doen\u00e7a.<\/p>\n\n\n\n<p>A jovem, que \u00e9 do bairro dos Pereiros, deu entrada na quinta-feira (18) a noite no Hospital de Serra Branca, com quadro de dispneia aguda e febre alta e logo foi isolada na ala Covid. Realizou teste r\u00e1pido por orienta\u00e7\u00e3o do m\u00e9dico plantonista e j\u00e1 testou positivo.<\/p>\n\n\n\n<p>Ela foi transferida para o Hospital de Campanha instalado no Trauma de Campina Grande, onde ficou na UTI da unidade. Na madrugada deste s\u00e1bado (20), a mo\u00e7a entrou em parada cardiorrespirat\u00f3ria, na qual, n\u00e3o reagiu bem as interven\u00e7\u00f5es e faleceu.<\/p>\n\n\n\n<p>A Secretaria de Sa\u00fade e a Prefeitura Municipal de Serra Branca deseja os sentimentos a todos os familiares e amigos pela inestim\u00e1vel perda e destaca que a cidade est\u00e1 em luto por essa perda t\u00e3o repentina, o que nos leva a um momento de profunda tristeza e reflex\u00e3o.<\/p>\n\n\n\n<p>A secret\u00e1ria Monique Dantas refor\u00e7ou a import\u00e2ncia de toda popula\u00e7\u00e3o seguir as orienta\u00e7\u00f5es do distanciamento social, o uso de m\u00e1scaras, a higieniza\u00e7\u00e3o das m\u00e3os com \u00e1lcool 70% e demais medidas apresentadas pela Secretaria de Sa\u00fade. Ela pediu vigil\u00e2ncia \u00e0s regras nesse momento cr\u00edtico, a fim de evitar que novos casos graves ocorram no munic\u00edpio.<\/p>\n\n\n\n<p><strong>De Olho no Cariri<\/strong><\/p>\n","protected":false},"excerpt":{"rendered":"<p>A Secretaria de Sa\u00fade de Serra Branca confirmou nas primeiras horas deste s\u00e1bado (20) o segundo \u00f3bito decorrente da Covid-19 no \u00e2mbito do munic\u00edpio. Trata-se&hellip; <\/p>\n","protected":false},"author":2,"featured_media":175161,"comment_status":"closed","ping_status":"closed","sticky":false,"template":"","format":"standard","meta":{"sfsi_plus_gutenberg_text_before_share":"","sfsi_plus_gutenberg_show_text_before_share":"","sfsi_plus_gutenberg_icon_type":"","sfsi_plus_gutenberg_icon_alignemt":"","sfsi_plus_gutenburg_max_per_row":"","footnotes":""},"categories":[50,2],"tags":[],"class_list":["post-175160","post","type-post","status-publish","format-standard","has-post-thumbnail","hentry","category-destaque","category-geral"],"_links":{"self":[{"href":"https:\/\/www.caririemacao.com\/1\/wp-json\/wp\/v2\/posts\/175160","targetHints":{"allow":["GET"]}}],"collection":[{"href":"https:\/\/www.caririemacao.com\/1\/wp-json\/wp\/v2\/posts"}],"about":[{"href":"https:\/\/www.caririemacao.com\/1\/wp-json\/wp\/v2\/types\/post"}],"author":[{"embeddable":true,"href":"https:\/\/www.caririemacao.com\/1\/wp-json\/wp\/v2\/users\/2"}],"replies":[{"embeddable":true,"href":"https:\/\/www.caririemacao.com\/1\/wp-json\/wp\/v2\/comments?post=175160"}],"version-history":[{"count":1,"href":"https:\/\/www.caririemacao.com\/1\/wp-json\/wp\/v2\/posts\/175160\/revisions"}],"predecessor-version":[{"id":175162,"href":"https:\/\/www.caririemacao.com\/1\/wp-json\/wp\/v2\/posts\/175160\/revisions\/175162"}],"wp:featuredmedia":[{"embeddable":true,"href":"https:\/\/www.caririemacao.com\/1\/wp-json\/wp\/v2\/media\/175161"}],"wp:attachment":[{"href":"https:\/\/www.caririemacao.com\/1\/wp-json\/wp\/v2\/media?parent=175160"}],"wp:term":[{"taxonomy":"category","embeddable":true,"href":"https:\/\/www.caririemacao.com\/1\/wp-json\/wp\/v2\/categories?post=175160"},{"taxonomy":"post_tag","embeddable":true,"href":"https:\/\/www.caririemacao.com\/1\/wp-json\/wp\/v2\/tags?post=175160"}],"curies":[{"name":"wp","href":"https:\/\/api.w.org\/{rel}","templated":true}]}}