{"id":175165,"date":"2020-06-20T08:04:09","date_gmt":"2020-06-20T11:04:09","guid":{"rendered":"https:\/\/www.caririemacao.com\/1\/?p=175165"},"modified":"2020-06-20T08:04:09","modified_gmt":"2020-06-20T11:04:09","slug":"paraiba-atinge-meta-de-vacinacao-contra-gripe-e-983-247-doses-sao-aplicadas-durante-campanha","status":"publish","type":"post","link":"https:\/\/www.caririemacao.com\/1\/2020\/06\/20\/paraiba-atinge-meta-de-vacinacao-contra-gripe-e-983-247-doses-sao-aplicadas-durante-campanha\/","title":{"rendered":"Para\u00edba atinge meta de vacina\u00e7\u00e3o contra gripe e 983.247 doses s\u00e3o aplicadas durante campanha"},"content":{"rendered":"\n<h1 class=\"wp-block-heading\"><\/h1>\n\n\n\n<p>A Para\u00edba atingiu a meta geral da Campanha Nacional de Vacina\u00e7\u00e3o contra a gripe 2020 com&nbsp;983.247 doses aplicadas at\u00e9 esta sexta-feira (19), o que representa 90,60% de cobertura, ultrapassando, inclusive, a cobertura nacional, que est\u00e1 em 84,38%.&nbsp;<\/p>\n\n\n\n<p>Por outro lado, de acordo com a chefe do N\u00facleo de Imuniza\u00e7\u00f5es da Secretaria de Estado da Sa\u00fade (SES), Isiane Queiroga, at\u00e9 o momento, 80 munic\u00edpios n\u00e3o atingiram a meta da Campanha de Vacina\u00e7\u00e3o, que segue at\u00e9 o dia 30 de junho.&nbsp;<\/p>\n\n\n\n<p>Entre os grupos priorit\u00e1rios est\u00e3o:&nbsp;crian\u00e7as de seis meses a menores de cinco anos (71,72%), gestantes (69,47%), pu\u00e9rperas (86,81%) e adultos de 55 a 59 anos (69,03%). Os demais grupos ultrapassaram a meta estipulada pelo Minist\u00e9rio da Sa\u00fade: trabalhadores de sa\u00fade (114,92%), popula\u00e7\u00e3o ind\u00edgena (99,03%) e idosos (107,66%).<\/p>\n\n\n\n<p>\u201cContinuamos orientando os munic\u00edpios que ainda n\u00e3o atingiram meta para que permane\u00e7am fazendo a busca ativa, uma vez que esse trabalho de prote\u00e7\u00e3o espec\u00edfica dos grupos priorit\u00e1rios minimiza os riscos de adoecimento da popula\u00e7\u00e3o paraibana e, consequentemente, evita-se poss\u00edveis \u00f3bitos\u201d, orientou.<\/p>\n\n\n\n<p>A Campanha de Vacina\u00e7\u00e3o Contra a Gripe este ano teve in\u00edcio dia 23 de mar\u00e7o. A meta \u00e9 vacinar, pelo menos, 90% de cada um dos grupos priorit\u00e1rios.&nbsp; De acordo com o Minist\u00e9rio da Sa\u00fade, mesmo diante da n\u00e3o efic\u00e1cia da vacina de Influenza contra o coronav\u00edrus, \u00e9 uma forma de auxiliar os profissionais de sa\u00fade a descartarem as influenzas na triagem e acelerarem o diagn\u00f3stico para a Covid-19.&nbsp;<\/p>\n","protected":false},"excerpt":{"rendered":"<p>A Para\u00edba atingiu a meta geral da Campanha Nacional de Vacina\u00e7\u00e3o contra a gripe 2020 com&nbsp;983.247 doses aplicadas at\u00e9 esta sexta-feira (19), o que representa&hellip; <\/p>\n","protected":false},"author":2,"featured_media":175166,"comment_status":"closed","ping_status":"closed","sticky":false,"template":"","format":"standard","meta":{"sfsi_plus_gutenberg_text_before_share":"","sfsi_plus_gutenberg_show_text_before_share":"","sfsi_plus_gutenberg_icon_type":"","sfsi_plus_gutenberg_icon_alignemt":"","sfsi_plus_gutenburg_max_per_row":"","footnotes":""},"categories":[2],"tags":[],"class_list":["post-175165","post","type-post","status-publish","format-standard","has-post-thumbnail","hentry","category-geral"],"_links":{"self":[{"href":"https:\/\/www.caririemacao.com\/1\/wp-json\/wp\/v2\/posts\/175165","targetHints":{"allow":["GET"]}}],"collection":[{"href":"https:\/\/www.caririemacao.com\/1\/wp-json\/wp\/v2\/posts"}],"about":[{"href":"https:\/\/www.caririemacao.com\/1\/wp-json\/wp\/v2\/types\/post"}],"author":[{"embeddable":true,"href":"https:\/\/www.caririemacao.com\/1\/wp-json\/wp\/v2\/users\/2"}],"replies":[{"embeddable":true,"href":"https:\/\/www.caririemacao.com\/1\/wp-json\/wp\/v2\/comments?post=175165"}],"version-history":[{"count":1,"href":"https:\/\/www.caririemacao.com\/1\/wp-json\/wp\/v2\/posts\/175165\/revisions"}],"predecessor-version":[{"id":175167,"href":"https:\/\/www.caririemacao.com\/1\/wp-json\/wp\/v2\/posts\/175165\/revisions\/175167"}],"wp:featuredmedia":[{"embeddable":true,"href":"https:\/\/www.caririemacao.com\/1\/wp-json\/wp\/v2\/media\/175166"}],"wp:attachment":[{"href":"https:\/\/www.caririemacao.com\/1\/wp-json\/wp\/v2\/media?parent=175165"}],"wp:term":[{"taxonomy":"category","embeddable":true,"href":"https:\/\/www.caririemacao.com\/1\/wp-json\/wp\/v2\/categories?post=175165"},{"taxonomy":"post_tag","embeddable":true,"href":"https:\/\/www.caririemacao.com\/1\/wp-json\/wp\/v2\/tags?post=175165"}],"curies":[{"name":"wp","href":"https:\/\/api.w.org\/{rel}","templated":true}]}}