{"id":175169,"date":"2020-06-20T08:06:42","date_gmt":"2020-06-20T11:06:42","guid":{"rendered":"https:\/\/www.caririemacao.com\/1\/?p=175169"},"modified":"2020-06-20T08:06:42","modified_gmt":"2020-06-20T11:06:42","slug":"whatsapp-tirou-o-visto-por-ultimo-usuarios-relatam-bug-no-status-online","status":"publish","type":"post","link":"https:\/\/www.caririemacao.com\/1\/2020\/06\/20\/whatsapp-tirou-o-visto-por-ultimo-usuarios-relatam-bug-no-status-online\/","title":{"rendered":"WhatsApp tirou o visto por \u00faltimo? Usu\u00e1rios relatam bug no status online"},"content":{"rendered":"\n<h1 class=\"wp-block-heading\"><\/h1>\n\n\n\n<p>O WhatsApp n\u00e3o mostra os status &#8220;visto por \u00faltimo&#8221;, &#8220;online&#8221;, &#8220;digitando&#8221; e &#8220;gravando \u00e1udio&#8221; para alguns usu\u00e1rios na tarde desta sexta-feira (19). De acordo com usu\u00e1rios do Twitter, os avisos sumiram do aplicativo para Android e iPhone (iOS) independentemente das configura\u00e7\u00f5es de privacidade relacionadas aos recursos. O bug tamb\u00e9m afeta o WhatsApp Web, que n\u00e3o permite o ajuste direto da fun\u00e7\u00e3o de \u00faltima visualiza\u00e7\u00e3o. Entramos em contato com a assessoria do WhatsApp, que disse que a empresa &#8220;est\u00e1 checando o que aconteceu&#8221;.<\/p>\n\n\n\n<p>Alguns usu\u00e1rios tamb\u00e9m relataram que o WhatsApp est\u00e1 temporariamente indispon\u00edvel para cadastrar um novo n\u00famero. Como ainda n\u00e3o se sabe se mudan\u00e7a faz parte de uma atualiza\u00e7\u00e3o ou \u00e9 apenas um bug tempor\u00e1rio, n\u00e3o \u00e9 recomendado desinstalar e reinstalar o app no momento, sob o risco de o usu\u00e1rio ficar temporariamente sem acesso ao mensageiro.<\/p>\n\n\n\n<p><strong>WhatsApp est\u00e1 fora do ar?<\/strong><\/p>\n\n\n\n<p>Alguns usu\u00e1rios nas redes sociais est\u00e3o em d\u00favidas se a mudan\u00e7a \u00e9 um bug ou \u00e9 um novo recurso, indicando que uma nova atualiza\u00e7\u00e3o do WhatsApp tirou o visto por \u00faltimo. Vale lembrar que, at\u00e9 o momento, o app n\u00e3o permite desativar as mensagens &#8220;online&#8221;, &#8220;gravando \u00e1udio&#8221; e &#8220;digitando&#8221;, possibilidade desejada por alguns usu\u00e1rios do mensageiro. \u00c9 poss\u00edvel, no entanto, desativar a fun\u00e7\u00e3o de \u00faltima visualiza\u00e7\u00e3o.<\/p>\n\n\n\n<p>O TechTudo conseguiu reproduzir o erro ao abrir uma conversa com um contato que est\u00e1 online. O campo que mostra o status junto ao nome fica em branco. O mesmo acontece com o &#8220;visto por \u00faltimo&#8221;, que n\u00e3o aparece mesmo que o recurso esteja habilitado, e com as mensagens &#8220;gravando \u00e1udio&#8221; e &#8220;digitando&#8221;.<\/p>\n\n\n\n<p>Ao tentar alterar o ajuste associado ao &#8220;Visto por \u00faltimo&#8221;, o WhatsApp exibe uma mensagem de &#8220;Falha ao atualizar as configura\u00e7\u00f5es de privacidade&#8221;, e exibe a mensagem &#8220;Carregando&#8230;&#8221; durante algum tempo.<\/p>\n\n\n\n<figure class=\"wp-block-image\"><img decoding=\"async\" data-src=\"https:\/\/s2.glbimg.com\/ADjRseQfVDpyIp61bq4e1GypJyc=\/0x0:607x595\/984x0\/smart\/filters:strip_icc()\/i.s3.glbimg.com\/v1\/AUTH_08fbf48bc0524877943fe86e43087e7a\/internal_photos\/bs\/2020\/B\/k\/NB42B1RJiN4u1TJQtCuw\/bug-whatsapp.jpg\" alt=\"\" title=\"\" src=\"data:image\/svg+xml;base64,PHN2ZyB3aWR0aD0iMSIgaGVpZ2h0PSIxIiB4bWxucz0iaHR0cDovL3d3dy53My5vcmcvMjAwMC9zdmciPjwvc3ZnPg==\" class=\"lazyload\" \/><\/figure>\n\n\n\n<p>Nova atualiza\u00e7\u00e3o do WhatsApp? Bug mostra mensagem de erro \u2014 Foto: Reprodu\u00e7\u00e3o\/TechTudo<\/p>\n\n\n\n<p>Segundo o site Downdetector, que monitora o status de servi\u00e7os digitais, as reclama\u00e7\u00f5es sobre problemas no WhatsApp tiveram um aumento consider\u00e1vel por volta das 12h40, chegando a mais de 2 mil reclama\u00e7\u00f5es \u00e0s 14h. Como regi\u00f5es mais afetadas, o mapa mostra Brasil, Estados Unidos, M\u00e9xico e pa\u00edses da Europa. O assunto tamb\u00e9m chegou ao topo dos Trending Topics do Twitter no Brasil, com mais de 500 mil tu\u00edtes.<\/p>\n\n\n\n<figure class=\"wp-block-image\"><img decoding=\"async\" data-src=\"https:\/\/s2.glbimg.com\/Rw3u62TYpi8c46nq6MHNX1w9_rY=\/0x0:763x322\/984x0\/smart\/filters:strip_icc()\/i.s3.glbimg.com\/v1\/AUTH_08fbf48bc0524877943fe86e43087e7a\/internal_photos\/bs\/2020\/u\/Y\/TBy3sARs2C0z1edJKYLg\/captura-de-tela-2020-06-19-as-14.15.36.png\" alt=\"\" title=\"\" src=\"data:image\/svg+xml;base64,PHN2ZyB3aWR0aD0iMSIgaGVpZ2h0PSIxIiB4bWxucz0iaHR0cDovL3d3dy53My5vcmcvMjAwMC9zdmciPjwvc3ZnPg==\" class=\"lazyload\" \/><\/figure>\n\n\n\n<p>WhatsApp bugou? Downdetector mostra pico de reclama\u00e7\u00f5es sobre instabilidade no WhatsApp \u2014 Foto: Reprodu\u00e7\u00e3o\/Downdetector<\/p>\n\n\n\n<p>O Google Trends, plataforma que monitora as buscas na web, registrou um pico de procura para o termo &#8220;whatsapp tirou o visto por \u00falimo&#8221; por volta das 14h. Outras pesquisas relacionadas incluem, &#8220;whatsapp bugado&#8221;, &#8220;\u00faltima visualiza\u00e7\u00e3o whatsapp&#8221;, &#8220;whatsapp com problema hoje&#8221; e &#8220;whatsapp temporariamente indispon\u00edvel&#8221;.<\/p>\n\n\n\n<figure class=\"wp-block-image\"><img decoding=\"async\" data-src=\"https:\/\/s2.glbimg.com\/WzeY-UqICGUdjrfTA96TLaHrjGk=\/0x0:1155x395\/984x0\/smart\/filters:strip_icc()\/i.s3.glbimg.com\/v1\/AUTH_08fbf48bc0524877943fe86e43087e7a\/internal_photos\/bs\/2020\/z\/R\/TkBEA6SU6VIXyZJAl5fQ\/captura-de-tela-2020-06-19-as-14.16.27.png\" alt=\"\" title=\"\" src=\"data:image\/svg+xml;base64,PHN2ZyB3aWR0aD0iMSIgaGVpZ2h0PSIxIiB4bWxucz0iaHR0cDovL3d3dy53My5vcmcvMjAwMC9zdmciPjwvc3ZnPg==\" class=\"lazyload\" \/><\/figure>\n\n\n\n<p>Google Trends mostra pico de procura para &#8220;whatsapp tirou o visto por \u00faltimo&#8221; \u2014 Foto: Reprodu\u00e7\u00e3o\/Google Trends<\/p>\n","protected":false},"excerpt":{"rendered":"<p>O WhatsApp n\u00e3o mostra os status &#8220;visto por \u00faltimo&#8221;, &#8220;online&#8221;, &#8220;digitando&#8221; e &#8220;gravando \u00e1udio&#8221; para alguns usu\u00e1rios na tarde desta sexta-feira (19). De acordo com&hellip; <\/p>\n","protected":false},"author":2,"featured_media":175170,"comment_status":"closed","ping_status":"closed","sticky":false,"template":"","format":"standard","meta":{"sfsi_plus_gutenberg_text_before_share":"","sfsi_plus_gutenberg_show_text_before_share":"","sfsi_plus_gutenberg_icon_type":"","sfsi_plus_gutenberg_icon_alignemt":"","sfsi_plus_gutenburg_max_per_row":"","footnotes":""},"categories":[2],"tags":[],"class_list":["post-175169","post","type-post","status-publish","format-standard","has-post-thumbnail","hentry","category-geral"],"_links":{"self":[{"href":"https:\/\/www.caririemacao.com\/1\/wp-json\/wp\/v2\/posts\/175169","targetHints":{"allow":["GET"]}}],"collection":[{"href":"https:\/\/www.caririemacao.com\/1\/wp-json\/wp\/v2\/posts"}],"about":[{"href":"https:\/\/www.caririemacao.com\/1\/wp-json\/wp\/v2\/types\/post"}],"author":[{"embeddable":true,"href":"https:\/\/www.caririemacao.com\/1\/wp-json\/wp\/v2\/users\/2"}],"replies":[{"embeddable":true,"href":"https:\/\/www.caririemacao.com\/1\/wp-json\/wp\/v2\/comments?post=175169"}],"version-history":[{"count":1,"href":"https:\/\/www.caririemacao.com\/1\/wp-json\/wp\/v2\/posts\/175169\/revisions"}],"predecessor-version":[{"id":175171,"href":"https:\/\/www.caririemacao.com\/1\/wp-json\/wp\/v2\/posts\/175169\/revisions\/175171"}],"wp:featuredmedia":[{"embeddable":true,"href":"https:\/\/www.caririemacao.com\/1\/wp-json\/wp\/v2\/media\/175170"}],"wp:attachment":[{"href":"https:\/\/www.caririemacao.com\/1\/wp-json\/wp\/v2\/media?parent=175169"}],"wp:term":[{"taxonomy":"category","embeddable":true,"href":"https:\/\/www.caririemacao.com\/1\/wp-json\/wp\/v2\/categories?post=175169"},{"taxonomy":"post_tag","embeddable":true,"href":"https:\/\/www.caririemacao.com\/1\/wp-json\/wp\/v2\/tags?post=175169"}],"curies":[{"name":"wp","href":"https:\/\/api.w.org\/{rel}","templated":true}]}}