{"id":175190,"date":"2020-06-20T08:29:38","date_gmt":"2020-06-20T11:29:38","guid":{"rendered":"https:\/\/www.caririemacao.com\/1\/?p=175190"},"modified":"2020-06-20T08:29:38","modified_gmt":"2020-06-20T11:29:38","slug":"stf-reconhece-pedido-da-pge-pb-e-determina-a-continuidade-de-acao-para-reaver-r-24-bilhoes-em-favor-da-educacao-na-paraiba","status":"publish","type":"post","link":"https:\/\/www.caririemacao.com\/1\/2020\/06\/20\/stf-reconhece-pedido-da-pge-pb-e-determina-a-continuidade-de-acao-para-reaver-r-24-bilhoes-em-favor-da-educacao-na-paraiba\/","title":{"rendered":"STF reconhece pedido da PGE-PB e determina a continuidade de a\u00e7\u00e3o para reaver R$ 2,4 bilh\u00f5es em favor da Educa\u00e7\u00e3o, na Para\u00edba"},"content":{"rendered":"\n<h3 class=\"wp-block-heading\"><br><\/h3>\n\n\n\n<p><\/p>\n\n\n\n<hr class=\"wp-block-separator\"\/>\n\n\n\n<p>O Estado da Para\u00edba obteve uma importante vit\u00f3ria em favor da educa\u00e7\u00e3o, no Supremo Tribunal Federal (STF). Em an\u00e1lise de pedido de suspens\u00e3o dos efeitos de tutela provis\u00f3ria, ajuizado pela Procuradoria-Geral do Estado da Para\u00edba (PGE-PB), o presidente da Corte, ministro Dias Toffoli, deu provimento pela continuidade de a\u00e7\u00e3o executiva, em tramita\u00e7\u00e3o na 2\u00aa Vara da Justi\u00e7a Federal, em Jo\u00e3o Pessoa, para o Estado reaver mais de R$ 2,4 bilh\u00f5es junto \u00e0 Uni\u00e3o.<\/p>\n\n\n\n<p>O valor \u00e9 referente \u00e0 diferen\u00e7a de c\u00e1lculo que ocasionou repasses ao Estado de valores menores origin\u00e1rios do Fundo de Manuten\u00e7\u00e3o e Desenvolvimento do Ensino Fundamental e de Valoriza\u00e7\u00e3o do Magist\u00e9rio (Fundef), desde 1998, prejudicando diretamente as a\u00e7\u00f5es desempenhadas pela Secretaria de Estado da Educa\u00e7\u00e3o, Ci\u00eancia e Tecnologia.<\/p>\n\n\n\n<p>\u201cFoi uma vit\u00f3ria muito importante, pois, a decis\u00e3o que reconheceu a diferen\u00e7a do c\u00e1lculo tinha sido suspensa. Agora, continuar\u00e1 o tr\u00e2mite normal do pedido de execu\u00e7\u00e3o &nbsp;para a Uni\u00e3o efetuar o pagamento dessas diferen\u00e7as, e levantar essa quantia a favor da Educa\u00e7\u00e3o da Para\u00edba\u201d, comentou a procuradora do Estado, Mirella Marques Trigo de Loureiro.<\/p>\n\n\n\n<p><strong>ENTENDA<br><\/strong><br>A PGE-PB solicitou a suspens\u00e3o dos efeitos de decis\u00e3o monocr\u00e1tica anterior, proferida pelo desembargador federal F\u00e1bio Prieto, do Tribunal Regional Federal da 3\u00aa Regi\u00e3o, que nos autos da A\u00e7\u00e3o Rescis\u00f3ria n\u00ba 5006325-85.2017.4.03.0000, determinou a suspens\u00e3o dos pagamentos devidos a v\u00e1rios Estados da Federa\u00e7\u00e3o, entre eles a Para\u00edba, decorrentes da execu\u00e7\u00e3o da senten\u00e7a proferida na A\u00e7\u00e3o Civil P\u00fablica n\u00ba 005061627.1999.4.03.6100, em que reconhecido o dever da Uni\u00e3o de complementar verbas repassadas a menor, a partir do ano de 1998, relativas ao Fundef.<\/p>\n\n\n\n<p>\u201cA meu ver, o atraso no adimplemento do direito \u2013 cujo m\u00e9rito, ademais, j\u00e1 foi reconhecido por esta Suprema Corte \u2013 causa grave les\u00e3o \u00e0 ordem administrativa, por se tratar de valores cuja destina\u00e7\u00e3o vinculase, por determina\u00e7\u00e3o constitucional, \u00e0 educa\u00e7\u00e3o p\u00fablica, sendo utilizada na implementa\u00e7\u00e3o de melhorias nesse setor sempre t\u00e3o carente da Administra\u00e7\u00e3o P\u00fablica, na maioria dos munic\u00edpios e dos estados brasileiros\u201d, reconhece Dias Toffoli, em trecho do seu voto.<\/p>\n","protected":false},"excerpt":{"rendered":"<p>O Estado da Para\u00edba obteve uma importante vit\u00f3ria em favor da educa\u00e7\u00e3o, no Supremo Tribunal Federal (STF). Em an\u00e1lise de pedido de suspens\u00e3o dos efeitos&hellip; <\/p>\n","protected":false},"author":2,"featured_media":175191,"comment_status":"closed","ping_status":"closed","sticky":false,"template":"","format":"standard","meta":{"sfsi_plus_gutenberg_text_before_share":"","sfsi_plus_gutenberg_show_text_before_share":"","sfsi_plus_gutenberg_icon_type":"","sfsi_plus_gutenberg_icon_alignemt":"","sfsi_plus_gutenburg_max_per_row":"","footnotes":""},"categories":[11],"tags":[],"class_list":["post-175190","post","type-post","status-publish","format-standard","has-post-thumbnail","hentry","category-politica"],"_links":{"self":[{"href":"https:\/\/www.caririemacao.com\/1\/wp-json\/wp\/v2\/posts\/175190","targetHints":{"allow":["GET"]}}],"collection":[{"href":"https:\/\/www.caririemacao.com\/1\/wp-json\/wp\/v2\/posts"}],"about":[{"href":"https:\/\/www.caririemacao.com\/1\/wp-json\/wp\/v2\/types\/post"}],"author":[{"embeddable":true,"href":"https:\/\/www.caririemacao.com\/1\/wp-json\/wp\/v2\/users\/2"}],"replies":[{"embeddable":true,"href":"https:\/\/www.caririemacao.com\/1\/wp-json\/wp\/v2\/comments?post=175190"}],"version-history":[{"count":1,"href":"https:\/\/www.caririemacao.com\/1\/wp-json\/wp\/v2\/posts\/175190\/revisions"}],"predecessor-version":[{"id":175192,"href":"https:\/\/www.caririemacao.com\/1\/wp-json\/wp\/v2\/posts\/175190\/revisions\/175192"}],"wp:featuredmedia":[{"embeddable":true,"href":"https:\/\/www.caririemacao.com\/1\/wp-json\/wp\/v2\/media\/175191"}],"wp:attachment":[{"href":"https:\/\/www.caririemacao.com\/1\/wp-json\/wp\/v2\/media?parent=175190"}],"wp:term":[{"taxonomy":"category","embeddable":true,"href":"https:\/\/www.caririemacao.com\/1\/wp-json\/wp\/v2\/categories?post=175190"},{"taxonomy":"post_tag","embeddable":true,"href":"https:\/\/www.caririemacao.com\/1\/wp-json\/wp\/v2\/tags?post=175190"}],"curies":[{"name":"wp","href":"https:\/\/api.w.org\/{rel}","templated":true}]}}