{"id":175351,"date":"2020-06-22T10:40:40","date_gmt":"2020-06-22T13:40:40","guid":{"rendered":"https:\/\/www.caririemacao.com\/1\/?p=175351"},"modified":"2020-06-22T10:40:40","modified_gmt":"2020-06-22T13:40:40","slug":"homem-e-conduzido-a-delegacia-por-crime-de-maria-da-penha-na-cidade-do-congo","status":"publish","type":"post","link":"https:\/\/www.caririemacao.com\/1\/2020\/06\/22\/homem-e-conduzido-a-delegacia-por-crime-de-maria-da-penha-na-cidade-do-congo\/","title":{"rendered":"Homem \u00e9 conduzido \u00e0 delegacia por crime de Maria da Penha na cidade do Congo"},"content":{"rendered":"\n<p>Por volta das 11h00min, do s\u00e1bado (20), a Pol\u00edcia Militar recebeu uma den\u00fancia de agress\u00e3o que estava ocorrendo no S\u00edtio Prado na cidade do Congo.<\/p>\n\n\n\n<p>A guarni\u00e7\u00e3o foi ao local e encontrou o acusado de 42 anos de idade em sua resid\u00eancia, onde confessou ter agredido sua esposa de 37 anos de idade e de ter ingerido bebida alco\u00f3lica. Diante dos fatos as partes foram conduzidas \u00e0 Delegacia de Pol\u00edcia Civil e apresentados \u00e0 autoridade de plant\u00e3o.<\/p>\n\n\n\n<p><em>11\u00ba BPM \u2013 Batalh\u00e3o 1\u00ba SGT Ylton Sales Silva<\/em><br><em>Se\u00e7\u00e3o de Comunica\u00e7\u00e3o Social e Marketing Institucional do 11\u00ba BPM<\/em><\/p>\n","protected":false},"excerpt":{"rendered":"<p>Por volta das 11h00min, do s\u00e1bado (20), a Pol\u00edcia Militar recebeu uma den\u00fancia de agress\u00e3o que estava ocorrendo no S\u00edtio Prado na cidade do Congo.&hellip; <\/p>\n","protected":false},"author":1,"featured_media":173665,"comment_status":"closed","ping_status":"closed","sticky":false,"template":"","format":"standard","meta":{"sfsi_plus_gutenberg_text_before_share":"","sfsi_plus_gutenberg_show_text_before_share":"","sfsi_plus_gutenberg_icon_type":"","sfsi_plus_gutenberg_icon_alignemt":"","sfsi_plus_gutenburg_max_per_row":"","footnotes":""},"categories":[12],"tags":[],"class_list":["post-175351","post","type-post","status-publish","format-standard","has-post-thumbnail","hentry","category-policia"],"_links":{"self":[{"href":"https:\/\/www.caririemacao.com\/1\/wp-json\/wp\/v2\/posts\/175351","targetHints":{"allow":["GET"]}}],"collection":[{"href":"https:\/\/www.caririemacao.com\/1\/wp-json\/wp\/v2\/posts"}],"about":[{"href":"https:\/\/www.caririemacao.com\/1\/wp-json\/wp\/v2\/types\/post"}],"author":[{"embeddable":true,"href":"https:\/\/www.caririemacao.com\/1\/wp-json\/wp\/v2\/users\/1"}],"replies":[{"embeddable":true,"href":"https:\/\/www.caririemacao.com\/1\/wp-json\/wp\/v2\/comments?post=175351"}],"version-history":[{"count":1,"href":"https:\/\/www.caririemacao.com\/1\/wp-json\/wp\/v2\/posts\/175351\/revisions"}],"predecessor-version":[{"id":175352,"href":"https:\/\/www.caririemacao.com\/1\/wp-json\/wp\/v2\/posts\/175351\/revisions\/175352"}],"wp:featuredmedia":[{"embeddable":true,"href":"https:\/\/www.caririemacao.com\/1\/wp-json\/wp\/v2\/media\/173665"}],"wp:attachment":[{"href":"https:\/\/www.caririemacao.com\/1\/wp-json\/wp\/v2\/media?parent=175351"}],"wp:term":[{"taxonomy":"category","embeddable":true,"href":"https:\/\/www.caririemacao.com\/1\/wp-json\/wp\/v2\/categories?post=175351"},{"taxonomy":"post_tag","embeddable":true,"href":"https:\/\/www.caririemacao.com\/1\/wp-json\/wp\/v2\/tags?post=175351"}],"curies":[{"name":"wp","href":"https:\/\/api.w.org\/{rel}","templated":true}]}}