{"id":175353,"date":"2020-06-22T10:43:20","date_gmt":"2020-06-22T13:43:20","guid":{"rendered":"https:\/\/www.caririemacao.com\/1\/?p=175353"},"modified":"2020-06-22T10:43:20","modified_gmt":"2020-06-22T13:43:20","slug":"igreja-catolica-de-amparo-e-alvo-de-crime-de-furto","status":"publish","type":"post","link":"https:\/\/www.caririemacao.com\/1\/2020\/06\/22\/igreja-catolica-de-amparo-e-alvo-de-crime-de-furto\/","title":{"rendered":"Igreja Cat\u00f3lica de Amparo \u00e9 alvo de crime de furto"},"content":{"rendered":"\n<p>Por volta das 21h30min do domingo (21), a Pol\u00edcia Militar foi acionada via COPOM (190) para uma averigua\u00e7\u00e3o na cidade de Amparo, onde de acordo com informa\u00e7\u00f5es, um indiv\u00edduo tinha arrombado e furtado a igreja cat\u00f3lica da cidade.<\/p>\n\n\n\n<p>Que de imediato os policiais foram at\u00e9 o local e constataram o fato, ao realizarem rondas pela \u00e1rea, abordaram um suspeito que j\u00e1 teve passagens pela pol\u00edcia, o mesmo estava apresentando escoria\u00e7\u00f5es e um corte no bra\u00e7o, supostamente causados no crime. Ainda foi encontrado uma quantia de R$ 227,00 (duzentos e vinte e sete reais) com o suspeito. A v\u00edtima, testemunhas e o suspeito foram encaminhados para a Delegacia de Pol\u00edcia Civil de Monteiro.<\/p>\n\n\n\n<p><em>11\u00ba BPM \u2013 Batalh\u00e3o 1\u00ba SGT Ylton Sales Silva<\/em><br><em>Se\u00e7\u00e3o de Comunica\u00e7\u00e3o Social e Marketing Institucional do 11\u00ba BPM<\/em><\/p>\n","protected":false},"excerpt":{"rendered":"<p>Por volta das 21h30min do domingo (21), a Pol\u00edcia Militar foi acionada via COPOM (190) para uma averigua\u00e7\u00e3o na cidade de Amparo, onde de acordo&hellip; <\/p>\n","protected":false},"author":1,"featured_media":164423,"comment_status":"closed","ping_status":"closed","sticky":false,"template":"","format":"standard","meta":{"sfsi_plus_gutenberg_text_before_share":"","sfsi_plus_gutenberg_show_text_before_share":"","sfsi_plus_gutenberg_icon_type":"","sfsi_plus_gutenberg_icon_alignemt":"","sfsi_plus_gutenburg_max_per_row":"","footnotes":""},"categories":[12],"tags":[],"class_list":["post-175353","post","type-post","status-publish","format-standard","has-post-thumbnail","hentry","category-policia"],"_links":{"self":[{"href":"https:\/\/www.caririemacao.com\/1\/wp-json\/wp\/v2\/posts\/175353","targetHints":{"allow":["GET"]}}],"collection":[{"href":"https:\/\/www.caririemacao.com\/1\/wp-json\/wp\/v2\/posts"}],"about":[{"href":"https:\/\/www.caririemacao.com\/1\/wp-json\/wp\/v2\/types\/post"}],"author":[{"embeddable":true,"href":"https:\/\/www.caririemacao.com\/1\/wp-json\/wp\/v2\/users\/1"}],"replies":[{"embeddable":true,"href":"https:\/\/www.caririemacao.com\/1\/wp-json\/wp\/v2\/comments?post=175353"}],"version-history":[{"count":1,"href":"https:\/\/www.caririemacao.com\/1\/wp-json\/wp\/v2\/posts\/175353\/revisions"}],"predecessor-version":[{"id":175354,"href":"https:\/\/www.caririemacao.com\/1\/wp-json\/wp\/v2\/posts\/175353\/revisions\/175354"}],"wp:featuredmedia":[{"embeddable":true,"href":"https:\/\/www.caririemacao.com\/1\/wp-json\/wp\/v2\/media\/164423"}],"wp:attachment":[{"href":"https:\/\/www.caririemacao.com\/1\/wp-json\/wp\/v2\/media?parent=175353"}],"wp:term":[{"taxonomy":"category","embeddable":true,"href":"https:\/\/www.caririemacao.com\/1\/wp-json\/wp\/v2\/categories?post=175353"},{"taxonomy":"post_tag","embeddable":true,"href":"https:\/\/www.caririemacao.com\/1\/wp-json\/wp\/v2\/tags?post=175353"}],"curies":[{"name":"wp","href":"https:\/\/api.w.org\/{rel}","templated":true}]}}