{"id":175355,"date":"2020-06-22T10:46:57","date_gmt":"2020-06-22T13:46:57","guid":{"rendered":"https:\/\/www.caririemacao.com\/1\/?p=175355"},"modified":"2020-06-22T10:46:57","modified_gmt":"2020-06-22T13:46:57","slug":"carreta-tomba-as-margens-da-br-412-veiculo-estava-carregado-de-ceramica-e-porcelanato","status":"publish","type":"post","link":"https:\/\/www.caririemacao.com\/1\/2020\/06\/22\/carreta-tomba-as-margens-da-br-412-veiculo-estava-carregado-de-ceramica-e-porcelanato\/","title":{"rendered":"Carreta tomba \u00e0s margens da BR 412; ve\u00edculo estava carregado de cer\u00e2mica e porcelanato"},"content":{"rendered":"\n<p>Na manh\u00e3 deste domingo(21), por volta das 10h, um acidente envolvendo uma carreta bitrem foi registrada no munic\u00edpio de Boa Vista, Cariri paraibano.<\/p>\n\n\n\n<p>Segundo informa\u00e7\u00f5es de populares, o ve\u00edculo que vinha carregado de cer\u00e2mica e porcelanato virou \u00e0s margens da rodovia, no per\u00edmetro urbano de Boa Vista, nas proximidades do posto de combust\u00edveis. O motorista e sua esposa, que estavam no momento do incidente, n\u00e3o tiveram ferimentos, registrando apenas danos materiais com o ve\u00edculo e a carga.<\/p>\n\n\n\n<p>A carreta ficou completamente virada com os pneus para cima, logo vindo a chamar a aten\u00e7\u00e3o de populares e motoristas que trafegavam pela rodovia. Ainda n\u00e3o se sabe os reais motivos do acidente, mas um poss\u00edvel cochilo do motorista possa ter levado ao tombamento do ve\u00edculo.<\/p>\n\n\n\n<p>A PRF esteve no local para auxiliar o motorista para remo\u00e7\u00e3o do ve\u00edculo.<\/p>\n\n\n\n<p><strong>De Olho no Carir<\/strong>i<\/p>\n","protected":false},"excerpt":{"rendered":"<p>Na manh\u00e3 deste domingo(21), por volta das 10h, um acidente envolvendo uma carreta bitrem foi registrada no munic\u00edpio de Boa Vista, Cariri paraibano. Segundo informa\u00e7\u00f5es&hellip; <\/p>\n","protected":false},"author":1,"featured_media":175356,"comment_status":"closed","ping_status":"closed","sticky":false,"template":"","format":"standard","meta":{"sfsi_plus_gutenberg_text_before_share":"","sfsi_plus_gutenberg_show_text_before_share":"","sfsi_plus_gutenberg_icon_type":"","sfsi_plus_gutenberg_icon_alignemt":"","sfsi_plus_gutenburg_max_per_row":"","footnotes":""},"categories":[2],"tags":[],"class_list":["post-175355","post","type-post","status-publish","format-standard","has-post-thumbnail","hentry","category-geral"],"_links":{"self":[{"href":"https:\/\/www.caririemacao.com\/1\/wp-json\/wp\/v2\/posts\/175355","targetHints":{"allow":["GET"]}}],"collection":[{"href":"https:\/\/www.caririemacao.com\/1\/wp-json\/wp\/v2\/posts"}],"about":[{"href":"https:\/\/www.caririemacao.com\/1\/wp-json\/wp\/v2\/types\/post"}],"author":[{"embeddable":true,"href":"https:\/\/www.caririemacao.com\/1\/wp-json\/wp\/v2\/users\/1"}],"replies":[{"embeddable":true,"href":"https:\/\/www.caririemacao.com\/1\/wp-json\/wp\/v2\/comments?post=175355"}],"version-history":[{"count":1,"href":"https:\/\/www.caririemacao.com\/1\/wp-json\/wp\/v2\/posts\/175355\/revisions"}],"predecessor-version":[{"id":175357,"href":"https:\/\/www.caririemacao.com\/1\/wp-json\/wp\/v2\/posts\/175355\/revisions\/175357"}],"wp:featuredmedia":[{"embeddable":true,"href":"https:\/\/www.caririemacao.com\/1\/wp-json\/wp\/v2\/media\/175356"}],"wp:attachment":[{"href":"https:\/\/www.caririemacao.com\/1\/wp-json\/wp\/v2\/media?parent=175355"}],"wp:term":[{"taxonomy":"category","embeddable":true,"href":"https:\/\/www.caririemacao.com\/1\/wp-json\/wp\/v2\/categories?post=175355"},{"taxonomy":"post_tag","embeddable":true,"href":"https:\/\/www.caririemacao.com\/1\/wp-json\/wp\/v2\/tags?post=175355"}],"curies":[{"name":"wp","href":"https:\/\/api.w.org\/{rel}","templated":true}]}}