{"id":175364,"date":"2020-06-22T12:42:18","date_gmt":"2020-06-22T15:42:18","guid":{"rendered":"https:\/\/www.caririemacao.com\/1\/?p=175364"},"modified":"2020-06-22T12:42:18","modified_gmt":"2020-06-22T15:42:18","slug":"flavio-bolsonaro-contrata-novo-advogado-com-saida-de-wassef","status":"publish","type":"post","link":"https:\/\/www.caririemacao.com\/1\/2020\/06\/22\/flavio-bolsonaro-contrata-novo-advogado-com-saida-de-wassef\/","title":{"rendered":"Fl\u00e1vio Bolsonaro contrata novo advogado com sa\u00edda de Wassef"},"content":{"rendered":"\n<h1 class=\"wp-block-heading\"><\/h1>\n\n\n\n<p>O advogado Rodrigo Roca \u00e9 o novo integrante da defesa do senador Fl\u00e1vio Bolsonaro (Republicanos-RJ). Roca assume a fun\u00e7\u00e3o que era ocupada por Frederick Wassef, que deixou o caso na noite de domingo (21).&nbsp;<\/p>\n\n\n\n<p>Roca foi advogado do ex-governador do Rio de Janeiro Sergio Cabral. Ap\u00f3s a entrada de Roca na defesa de Cabral, o advogado convenceu o ex-governador a falar, admitir caixa 2 e iniciar um processo de dela\u00e7\u00e3o premiada.<\/p>\n\n\n\n<p>Ap\u00f3s a primeira condena\u00e7\u00e3o de Cabral em recurso no TRF2&nbsp; (Tribunal Regional Federal da 2\u00aa Regi\u00e3o), Roca foi substitu\u00eddo.&nbsp;<\/p>\n\n\n\n<p>Wassef decidiu deixar a defesa de Fl\u00e1vio no inqu\u00e9rito que investiga as &#8220;rachadinhas&#8221; depois da pris\u00e3o do ex-assessor do parlamentar Fabr\u00edcio Queiroz, encontrado em um im\u00f3vel ligado a Wassef em Atibaia, no interior de S\u00e3o Paulo, na quinta-feira (18).&nbsp;<\/p>\n\n\n\n<p>Fl\u00e1vio postou no Twitter que sa\u00edda de Wassef aconteceu contra sua vontade e que advogado &#8220;nada fez de errado&#8221;. &#8220;A lealdade e a compet\u00eancia do advogado Frederick Wassef s\u00e3o \u00edmpares e insubstitu\u00edveis. Contudo, por decis\u00e3o dele e contra a minha vontade, acreditando que est\u00e1 sendo usado para prejudicar a mim e ao presidente Bolsonaro, deixa a causa mesmo ciente de que nada fez de errado&#8221;, escreveu na rede social.<\/p>\n","protected":false},"excerpt":{"rendered":"<p>O advogado Rodrigo Roca \u00e9 o novo integrante da defesa do senador Fl\u00e1vio Bolsonaro (Republicanos-RJ). Roca assume a fun\u00e7\u00e3o que era ocupada por Frederick Wassef,&hellip; <\/p>\n","protected":false},"author":2,"featured_media":175365,"comment_status":"closed","ping_status":"closed","sticky":false,"template":"","format":"standard","meta":{"sfsi_plus_gutenberg_text_before_share":"","sfsi_plus_gutenberg_show_text_before_share":"","sfsi_plus_gutenberg_icon_type":"","sfsi_plus_gutenberg_icon_alignemt":"","sfsi_plus_gutenburg_max_per_row":"","footnotes":""},"categories":[2],"tags":[],"class_list":["post-175364","post","type-post","status-publish","format-standard","has-post-thumbnail","hentry","category-geral"],"_links":{"self":[{"href":"https:\/\/www.caririemacao.com\/1\/wp-json\/wp\/v2\/posts\/175364","targetHints":{"allow":["GET"]}}],"collection":[{"href":"https:\/\/www.caririemacao.com\/1\/wp-json\/wp\/v2\/posts"}],"about":[{"href":"https:\/\/www.caririemacao.com\/1\/wp-json\/wp\/v2\/types\/post"}],"author":[{"embeddable":true,"href":"https:\/\/www.caririemacao.com\/1\/wp-json\/wp\/v2\/users\/2"}],"replies":[{"embeddable":true,"href":"https:\/\/www.caririemacao.com\/1\/wp-json\/wp\/v2\/comments?post=175364"}],"version-history":[{"count":1,"href":"https:\/\/www.caririemacao.com\/1\/wp-json\/wp\/v2\/posts\/175364\/revisions"}],"predecessor-version":[{"id":175366,"href":"https:\/\/www.caririemacao.com\/1\/wp-json\/wp\/v2\/posts\/175364\/revisions\/175366"}],"wp:featuredmedia":[{"embeddable":true,"href":"https:\/\/www.caririemacao.com\/1\/wp-json\/wp\/v2\/media\/175365"}],"wp:attachment":[{"href":"https:\/\/www.caririemacao.com\/1\/wp-json\/wp\/v2\/media?parent=175364"}],"wp:term":[{"taxonomy":"category","embeddable":true,"href":"https:\/\/www.caririemacao.com\/1\/wp-json\/wp\/v2\/categories?post=175364"},{"taxonomy":"post_tag","embeddable":true,"href":"https:\/\/www.caririemacao.com\/1\/wp-json\/wp\/v2\/tags?post=175364"}],"curies":[{"name":"wp","href":"https:\/\/api.w.org\/{rel}","templated":true}]}}