{"id":175384,"date":"2020-06-22T13:55:33","date_gmt":"2020-06-22T16:55:33","guid":{"rendered":"https:\/\/www.caririemacao.com\/1\/?p=175384"},"modified":"2020-06-22T13:55:33","modified_gmt":"2020-06-22T16:55:33","slug":"prefeitura-de-mogeiro-abre-inscricoes-para-concurso-publico-com-72-vagas-e-salarios-de-quase-r-7-mil","status":"publish","type":"post","link":"https:\/\/www.caririemacao.com\/1\/2020\/06\/22\/prefeitura-de-mogeiro-abre-inscricoes-para-concurso-publico-com-72-vagas-e-salarios-de-quase-r-7-mil\/","title":{"rendered":"Prefeitura de Mogeiro abre inscri\u00e7\u00f5es para concurso p\u00fablico com 72 vagas e sal\u00e1rios de quase R$ 7 mil"},"content":{"rendered":"\n<h1 class=\"wp-block-heading\"><\/h1>\n\n\n\n<p>A Prefeitura de Mogeiro abriu nesta segunda-feira (22), inscri\u00e7\u00f5es para do concurso p\u00fablico com 72 vagas e sal\u00e1rios de at\u00e9 R$ 6,9 mil. As vagas ofertadas s\u00e3o para os n\u00edveis fundamental, m\u00e9dio e superior.&nbsp;<\/p>\n\n\n\n<p>As inscri\u00e7\u00f5es seguem at\u00e9 o dia 7 de agosto e devem ser realizadas&nbsp;<a href=\"http:\/\/www.facetconcursos.com.br\/\">atrav\u00e9s&nbsp;do site da organizadora do concurso<\/a>&nbsp;ou&nbsp;comparecer \u00e0 sede da Prefeitura, de segunda a sexta-feira, das 9h \u00e0s 13h, at\u00e9 o dia 7 de agosto.&nbsp;Para o n\u00edvel fundamental, valor da inscri\u00e7\u00e3o \u00e9 R$ 75,&nbsp; para os cargos de n\u00edvel m\u00e9dio e t\u00e9cnico, R$ 85. J\u00e1 o de n\u00edvel superior \u00e9 R$ 115.<\/p>\n\n\n\n<p>As provas est\u00e3o previstas para o dia 13 de setembro nos hor\u00e1rios e locais que devem ser divulgados a partir do dia 21 de agosto.<\/p>\n","protected":false},"excerpt":{"rendered":"<p>A Prefeitura de Mogeiro abriu nesta segunda-feira (22), inscri\u00e7\u00f5es para do concurso p\u00fablico com 72 vagas e sal\u00e1rios de at\u00e9 R$ 6,9 mil. As vagas&hellip; <\/p>\n","protected":false},"author":2,"featured_media":175385,"comment_status":"closed","ping_status":"closed","sticky":false,"template":"","format":"standard","meta":{"sfsi_plus_gutenberg_text_before_share":"","sfsi_plus_gutenberg_show_text_before_share":"","sfsi_plus_gutenberg_icon_type":"","sfsi_plus_gutenberg_icon_alignemt":"","sfsi_plus_gutenburg_max_per_row":"","footnotes":""},"categories":[2],"tags":[],"class_list":["post-175384","post","type-post","status-publish","format-standard","has-post-thumbnail","hentry","category-geral"],"_links":{"self":[{"href":"https:\/\/www.caririemacao.com\/1\/wp-json\/wp\/v2\/posts\/175384","targetHints":{"allow":["GET"]}}],"collection":[{"href":"https:\/\/www.caririemacao.com\/1\/wp-json\/wp\/v2\/posts"}],"about":[{"href":"https:\/\/www.caririemacao.com\/1\/wp-json\/wp\/v2\/types\/post"}],"author":[{"embeddable":true,"href":"https:\/\/www.caririemacao.com\/1\/wp-json\/wp\/v2\/users\/2"}],"replies":[{"embeddable":true,"href":"https:\/\/www.caririemacao.com\/1\/wp-json\/wp\/v2\/comments?post=175384"}],"version-history":[{"count":1,"href":"https:\/\/www.caririemacao.com\/1\/wp-json\/wp\/v2\/posts\/175384\/revisions"}],"predecessor-version":[{"id":175386,"href":"https:\/\/www.caririemacao.com\/1\/wp-json\/wp\/v2\/posts\/175384\/revisions\/175386"}],"wp:featuredmedia":[{"embeddable":true,"href":"https:\/\/www.caririemacao.com\/1\/wp-json\/wp\/v2\/media\/175385"}],"wp:attachment":[{"href":"https:\/\/www.caririemacao.com\/1\/wp-json\/wp\/v2\/media?parent=175384"}],"wp:term":[{"taxonomy":"category","embeddable":true,"href":"https:\/\/www.caririemacao.com\/1\/wp-json\/wp\/v2\/categories?post=175384"},{"taxonomy":"post_tag","embeddable":true,"href":"https:\/\/www.caririemacao.com\/1\/wp-json\/wp\/v2\/tags?post=175384"}],"curies":[{"name":"wp","href":"https:\/\/api.w.org\/{rel}","templated":true}]}}