{"id":175392,"date":"2020-06-22T14:05:48","date_gmt":"2020-06-22T17:05:48","guid":{"rendered":"https:\/\/www.caririemacao.com\/1\/?p=175392"},"modified":"2020-06-22T14:05:48","modified_gmt":"2020-06-22T17:05:48","slug":"oms-alerta-que-pandemia-continua-acelerando-no-mundo-e-que-efeitos-serao-sentidos-por-decadas","status":"publish","type":"post","link":"https:\/\/www.caririemacao.com\/1\/2020\/06\/22\/oms-alerta-que-pandemia-continua-acelerando-no-mundo-e-que-efeitos-serao-sentidos-por-decadas\/","title":{"rendered":"OMS alerta que pandemia continua acelerando no mundo e que efeitos ser\u00e3o sentidos &#8216;por d\u00e9cadas&#8217;"},"content":{"rendered":"\n<h1 class=\"wp-block-heading\"><\/h1>\n\n\n\n<p>A pandemia de Covid-19, doen\u00e7a provocada pelo novo coronav\u00edrus, &#8220;continua acelerando&#8221; no mundo, com um milh\u00e3o de casos registrados em apenas oito dias, advertiu nesta segunda-feira (22) o diretor geral da Organiza\u00e7\u00e3o Mundial da Sa\u00fade (OMS), Tedros Adhanom Ghebreyesus.<\/p>\n\n\n\n<p>&#8220;Sabemos que a pandemia \u00e9 muito mais que uma crise de sa\u00fade, \u00e9 uma crise econ\u00f4mica, social e, em muitos pa\u00edses, pol\u00edtica. Seus efeitos ser\u00e3o sentidos durante d\u00e9cadas&#8221;, afirmou Adhanom Ghebreyesus em uma confer\u00eancia virtual organizada por Dubai.<\/p>\n\n\n\n<p>A advert\u00eancia do diretor da OMS acontece no momento em que v\u00e1rios pa\u00edses entram em uma fase de flexibiliza\u00e7\u00e3o do confinamento para reativar suas economias.<br>Na semana passada, o diretor da OMS chamou esta nova fase de &#8220;perigosa&#8221;, ao destacar que apesar da necessidade de colocar um ponto final nas restri\u00e7\u00f5es, o v\u00edrus prosseguia com &#8220;propaga\u00e7\u00e3o r\u00e1pida&#8221; e continuava sendo &#8220;mortal&#8221;.<\/p>\n\n\n\n<p>&#8220;Foram necess\u00e1rios mais de tr\u00eas meses para alcan\u00e7ar o primeiro milh\u00e3o de casos registrados. O \u00faltimo milh\u00e3o de cont\u00e1gios aconteceu em apenas oito dias &#8220;, afirmou Tedros.<\/p>\n\n\n\n<p><strong>Futuras pandemias<\/strong><\/p>\n\n\n\n<p>O diretor da OMS tamb\u00e9m pediu aos governos que se preparem para futuras pandemias que podem acontecer &#8220;em qualquer pa\u00eds a qualquer momento e matar milh\u00f5es de pessoas, porque n\u00e3o estamos preparados&#8221;.<\/p>\n\n\n\n<p>&#8220;N\u00e3o sabemos onde nem quando acontecer\u00e1 a pr\u00f3xima pandemia, mas sabemos que ter\u00e1 um impacto terr\u00edvel sobre a vida e economia mundiais&#8221;, advertiu Tedros Adhanom Ghebreyesus.<\/p>\n\n\n\n<p>At\u00e9 o momento, a pandemia do novo coronav\u00edrus matou 468.724 pessoas em todo o mundo, de acordo com o levantamento da universidade americana Johns Hopkins \u00e0s 9h45 desta segunda-feira. A Covid-19 foi detectada pela primeira vez em dezembro, na China.<\/p>\n\n\n\n<p>Os pa\u00edses mais afetados s\u00e3o Estados Unidos (119.977 mortos), Brasil (50.951), Reino Unido (42.717), It\u00e1lia (34.634) e Fran\u00e7a (29.643), tamb\u00e9m segundo dados da universidade americana Johns Hopkins \u00e0s 9h45 desta segunda-feira.<\/p>\n\n\n\n<p>O Brasil tem mais de um milh\u00e3o de casos de Covid-19 e a Am\u00e9rica do Sul \u00e9 o atual epicentro da pandemia, com 20 mil mortos no M\u00e9xico, mais de 8 mil no Peru e mais de 1 mil na Argentina.<\/p>\n","protected":false},"excerpt":{"rendered":"<p>A pandemia de Covid-19, doen\u00e7a provocada pelo novo coronav\u00edrus, &#8220;continua acelerando&#8221; no mundo, com um milh\u00e3o de casos registrados em apenas oito dias, advertiu nesta&hellip; <\/p>\n","protected":false},"author":2,"featured_media":175393,"comment_status":"closed","ping_status":"closed","sticky":false,"template":"","format":"standard","meta":{"sfsi_plus_gutenberg_text_before_share":"","sfsi_plus_gutenberg_show_text_before_share":"","sfsi_plus_gutenberg_icon_type":"","sfsi_plus_gutenberg_icon_alignemt":"","sfsi_plus_gutenburg_max_per_row":"","footnotes":""},"categories":[2],"tags":[],"class_list":["post-175392","post","type-post","status-publish","format-standard","has-post-thumbnail","hentry","category-geral"],"_links":{"self":[{"href":"https:\/\/www.caririemacao.com\/1\/wp-json\/wp\/v2\/posts\/175392","targetHints":{"allow":["GET"]}}],"collection":[{"href":"https:\/\/www.caririemacao.com\/1\/wp-json\/wp\/v2\/posts"}],"about":[{"href":"https:\/\/www.caririemacao.com\/1\/wp-json\/wp\/v2\/types\/post"}],"author":[{"embeddable":true,"href":"https:\/\/www.caririemacao.com\/1\/wp-json\/wp\/v2\/users\/2"}],"replies":[{"embeddable":true,"href":"https:\/\/www.caririemacao.com\/1\/wp-json\/wp\/v2\/comments?post=175392"}],"version-history":[{"count":1,"href":"https:\/\/www.caririemacao.com\/1\/wp-json\/wp\/v2\/posts\/175392\/revisions"}],"predecessor-version":[{"id":175394,"href":"https:\/\/www.caririemacao.com\/1\/wp-json\/wp\/v2\/posts\/175392\/revisions\/175394"}],"wp:featuredmedia":[{"embeddable":true,"href":"https:\/\/www.caririemacao.com\/1\/wp-json\/wp\/v2\/media\/175393"}],"wp:attachment":[{"href":"https:\/\/www.caririemacao.com\/1\/wp-json\/wp\/v2\/media?parent=175392"}],"wp:term":[{"taxonomy":"category","embeddable":true,"href":"https:\/\/www.caririemacao.com\/1\/wp-json\/wp\/v2\/categories?post=175392"},{"taxonomy":"post_tag","embeddable":true,"href":"https:\/\/www.caririemacao.com\/1\/wp-json\/wp\/v2\/tags?post=175392"}],"curies":[{"name":"wp","href":"https:\/\/api.w.org\/{rel}","templated":true}]}}