{"id":175404,"date":"2020-06-22T14:14:42","date_gmt":"2020-06-22T17:14:42","guid":{"rendered":"https:\/\/www.caririemacao.com\/1\/?p=175404"},"modified":"2020-06-22T14:14:42","modified_gmt":"2020-06-22T17:14:42","slug":"prefeitura-de-sao-sebastiao-do-umbuzeiro-executa-mais-uma-obra-de-infraestrutura-para-a-populacao","status":"publish","type":"post","link":"https:\/\/www.caririemacao.com\/1\/2020\/06\/22\/prefeitura-de-sao-sebastiao-do-umbuzeiro-executa-mais-uma-obra-de-infraestrutura-para-a-populacao\/","title":{"rendered":"Prefeitura de S\u00e3o Sebasti\u00e3o do Umbuzeiro executa mais uma obra de infraestrutura para a popula\u00e7\u00e3o"},"content":{"rendered":"\n<h3 class=\"wp-block-heading\"><\/h3>\n\n\n\n<p>A Prefeitura Municipal de S\u00e3o Sebasti\u00e3o do Umbuzeiro continua realizando um verdadeiro pacote de a\u00e7\u00f5es de infraestrutura com o objetivo de levar mais comodidade e bem estar \u00e0 popula\u00e7\u00e3o.<br>Na zona urbana, al\u00e9m de in\u00fameras obras de cal\u00e7amento que est\u00e3o sendo realizadas, a prefeitura tem viabilizado mais a\u00e7\u00f5es estruturantes e uma delas \u00e9 a obra da passagem molhada entre as Ruas Andr\u00e9 Bezerra e a Mariano Luiz.<br>\u201c\u00c9 mais uma a\u00e7\u00e3o que est\u00e1 saindo do papel, e mais um desejo dos s\u00e3osebastianenses que come\u00e7a a se tornar realidade\u201d, lembrou o prefeito Adriano Wolff.<br><strong>F\u00c1BIO BRITO<\/strong><\/p>\n","protected":false},"excerpt":{"rendered":"<p>A Prefeitura Municipal de S\u00e3o Sebasti\u00e3o do Umbuzeiro continua realizando um verdadeiro pacote de a\u00e7\u00f5es de infraestrutura com o objetivo de levar mais comodidade e&hellip; <\/p>\n","protected":false},"author":2,"featured_media":175406,"comment_status":"closed","ping_status":"closed","sticky":false,"template":"","format":"standard","meta":{"sfsi_plus_gutenberg_text_before_share":"","sfsi_plus_gutenberg_show_text_before_share":"","sfsi_plus_gutenberg_icon_type":"","sfsi_plus_gutenberg_icon_alignemt":"","sfsi_plus_gutenburg_max_per_row":"","footnotes":""},"categories":[2],"tags":[],"class_list":["post-175404","post","type-post","status-publish","format-standard","has-post-thumbnail","hentry","category-geral"],"_links":{"self":[{"href":"https:\/\/www.caririemacao.com\/1\/wp-json\/wp\/v2\/posts\/175404","targetHints":{"allow":["GET"]}}],"collection":[{"href":"https:\/\/www.caririemacao.com\/1\/wp-json\/wp\/v2\/posts"}],"about":[{"href":"https:\/\/www.caririemacao.com\/1\/wp-json\/wp\/v2\/types\/post"}],"author":[{"embeddable":true,"href":"https:\/\/www.caririemacao.com\/1\/wp-json\/wp\/v2\/users\/2"}],"replies":[{"embeddable":true,"href":"https:\/\/www.caririemacao.com\/1\/wp-json\/wp\/v2\/comments?post=175404"}],"version-history":[{"count":1,"href":"https:\/\/www.caririemacao.com\/1\/wp-json\/wp\/v2\/posts\/175404\/revisions"}],"predecessor-version":[{"id":175407,"href":"https:\/\/www.caririemacao.com\/1\/wp-json\/wp\/v2\/posts\/175404\/revisions\/175407"}],"wp:featuredmedia":[{"embeddable":true,"href":"https:\/\/www.caririemacao.com\/1\/wp-json\/wp\/v2\/media\/175406"}],"wp:attachment":[{"href":"https:\/\/www.caririemacao.com\/1\/wp-json\/wp\/v2\/media?parent=175404"}],"wp:term":[{"taxonomy":"category","embeddable":true,"href":"https:\/\/www.caririemacao.com\/1\/wp-json\/wp\/v2\/categories?post=175404"},{"taxonomy":"post_tag","embeddable":true,"href":"https:\/\/www.caririemacao.com\/1\/wp-json\/wp\/v2\/tags?post=175404"}],"curies":[{"name":"wp","href":"https:\/\/api.w.org\/{rel}","templated":true}]}}