{"id":175411,"date":"2020-06-22T14:20:52","date_gmt":"2020-06-22T17:20:52","guid":{"rendered":"https:\/\/www.caririemacao.com\/1\/?p=175411"},"modified":"2020-06-22T14:20:52","modified_gmt":"2020-06-22T17:20:52","slug":"padre-eude-araujo-publica-nota-de-esclarecimento-sobre-o-assalto-a-igreja-de-sao-sebastiao-em-amparo","status":"publish","type":"post","link":"https:\/\/www.caririemacao.com\/1\/2020\/06\/22\/padre-eude-araujo-publica-nota-de-esclarecimento-sobre-o-assalto-a-igreja-de-sao-sebastiao-em-amparo\/","title":{"rendered":"Padre Eude Ara\u00fajo publica Nota de Esclarecimento sobre o Assalto \u00e0 Igreja de S\u00e3o Sebasti\u00e3o em Amparo"},"content":{"rendered":"\n<p>A Par\u00f3quia de Nossa Senhora do Ros\u00e1rio, com sede na cidade de Prata, vem a p\u00fablico lamentar o ocorrido na Igreja de S\u00e3o Sebasti\u00e3o, na cidade de Amparo, Comunidade assistida pela Par\u00f3quia.<br>Os fatos na igreja de Amparo ocorridos na noite do domingo, 21, consternaram toda comunidade cat\u00f3lica da regi\u00e3o. Os invasores tiveram acesso \u00e0 igreja pela Casa Pastoral, onde reviraram as urnas que guardam as ofertas, arm\u00e1rios e a mesa do d\u00edzimo.<\/p>\n\n\n\n<p><br>Como maior ato de agravo, profanaram o Sacr\u00e1rio, onde est\u00e1 o Corpo de Cristo na eucaristia.\u00a0A Pol\u00edcia Militar empreendeu buscas na regi\u00e3o e conseguiu capturar um suspeito. N\u00e3o houve, por parte do padre ou testemunhas a acusa\u00e7\u00e3o de uma ou outra pessoa suspeita, uma vez que n\u00e3o houve testemunha ocular do ocorrido.<\/p>\n\n\n\n<p><br>Frente aos preju\u00edzos deixados no arrombamento, o P\u00e1roco, Padre Eude Ara\u00fajo, lamenta sobretudo, pela viola\u00e7\u00e3o ao Sacr\u00e1rio, onde est\u00e1 o maior bem Espiritual da Igreja, Jesus Sacramentado.<br>Ao tempo em que a Par\u00f3quia sofre pelos danos causados, se coloca tamb\u00e9m como misericordiosa, e na pessoa do seu Padre convida a Todos para rezarem pelos agravos cometidos contra o Corpo de Cristo.<\/p>\n\n\n\n<p><br>Nesta segunda feira \u00e0s 15h, Padre Eude rezar\u00e1 uma Missa em repara\u00e7\u00e3o a profana\u00e7\u00e3o causada, o Sacerdote convida a todos a acompanharem a Missa que ser\u00e1 Transmitida pelo Facebook: Pascom da Comunidade S\u00e3o Sebasti\u00e3o Amparo-PB.<br>Unidos na f\u00e9, e confiantes no Deus de bondade e miseric\u00f3rdia,<br>\u2013 Par\u00f3quia Nossa Senhora do Ros\u00e1rio \u2013<br>Padre Eude Gomes de Ara\u00fajo<\/p>\n\n\n\n<p>Com Amparo Ligado<\/p>\n","protected":false},"excerpt":{"rendered":"<p>A Par\u00f3quia de Nossa Senhora do Ros\u00e1rio, com sede na cidade de Prata, vem a p\u00fablico lamentar o ocorrido na Igreja de S\u00e3o Sebasti\u00e3o, na&hellip; <\/p>\n","protected":false},"author":1,"featured_media":175416,"comment_status":"closed","ping_status":"closed","sticky":false,"template":"","format":"standard","meta":{"sfsi_plus_gutenberg_text_before_share":"","sfsi_plus_gutenberg_show_text_before_share":"","sfsi_plus_gutenberg_icon_type":"","sfsi_plus_gutenberg_icon_alignemt":"","sfsi_plus_gutenburg_max_per_row":"","footnotes":""},"categories":[12],"tags":[],"class_list":["post-175411","post","type-post","status-publish","format-standard","has-post-thumbnail","hentry","category-policia"],"_links":{"self":[{"href":"https:\/\/www.caririemacao.com\/1\/wp-json\/wp\/v2\/posts\/175411","targetHints":{"allow":["GET"]}}],"collection":[{"href":"https:\/\/www.caririemacao.com\/1\/wp-json\/wp\/v2\/posts"}],"about":[{"href":"https:\/\/www.caririemacao.com\/1\/wp-json\/wp\/v2\/types\/post"}],"author":[{"embeddable":true,"href":"https:\/\/www.caririemacao.com\/1\/wp-json\/wp\/v2\/users\/1"}],"replies":[{"embeddable":true,"href":"https:\/\/www.caririemacao.com\/1\/wp-json\/wp\/v2\/comments?post=175411"}],"version-history":[{"count":1,"href":"https:\/\/www.caririemacao.com\/1\/wp-json\/wp\/v2\/posts\/175411\/revisions"}],"predecessor-version":[{"id":175417,"href":"https:\/\/www.caririemacao.com\/1\/wp-json\/wp\/v2\/posts\/175411\/revisions\/175417"}],"wp:featuredmedia":[{"embeddable":true,"href":"https:\/\/www.caririemacao.com\/1\/wp-json\/wp\/v2\/media\/175416"}],"wp:attachment":[{"href":"https:\/\/www.caririemacao.com\/1\/wp-json\/wp\/v2\/media?parent=175411"}],"wp:term":[{"taxonomy":"category","embeddable":true,"href":"https:\/\/www.caririemacao.com\/1\/wp-json\/wp\/v2\/categories?post=175411"},{"taxonomy":"post_tag","embeddable":true,"href":"https:\/\/www.caririemacao.com\/1\/wp-json\/wp\/v2\/tags?post=175411"}],"curies":[{"name":"wp","href":"https:\/\/api.w.org\/{rel}","templated":true}]}}