{"id":175425,"date":"2020-06-22T17:23:13","date_gmt":"2020-06-22T20:23:13","guid":{"rendered":"https:\/\/www.caririemacao.com\/1\/?p=175425"},"modified":"2020-06-22T17:23:13","modified_gmt":"2020-06-22T20:23:13","slug":"prefeitura-de-sume-anuncia-construcao-de-mais-uma-unidade-basica-de-saude","status":"publish","type":"post","link":"https:\/\/www.caririemacao.com\/1\/2020\/06\/22\/prefeitura-de-sume-anuncia-construcao-de-mais-uma-unidade-basica-de-saude\/","title":{"rendered":"Prefeitura de Sum\u00e9 anuncia constru\u00e7\u00e3o de mais uma unidade b\u00e1sica de sa\u00fade"},"content":{"rendered":"\n<p>O prefeito de Sum\u00e9, \u00c9den Duarte, anunciou nesta segunda-feira (22), que o munic\u00edpio receber\u00e1 mais uma unidade b\u00e1sica de sa\u00fade.<\/p>\n\n\n\n<p>A nova unidade ir\u00e1 refor\u00e7ar o atendimento b\u00e1sico de sa\u00fade no munic\u00edpio e custar\u00e1 R$ 303.237,00, recursos que foram destinados pela deputada federal Edna Henrique, atendendo a pedido do empreendedor sumeense Pedro Nogueira Maciel, mais conhecido como Pedro do Queijo, que esteve nesta segunda-feira (22) no gabinete do prefeito tratando do assunto.<\/p>\n\n\n\n<p>A UBS ser\u00e1 erguida no bairro Renascer e o prefeito \u00c9den Duarte enviar\u00e1 projeto de lei ao Poder Legislativo para que o pr\u00e9dio leve o nome da saudosa \u201cTereza Mulatinho\u201d, que foi uma das primeiras enfermeiras do Hospital e Maternidade Alice de Almeida.<\/p>\n\n\n\n<div class=\"wp-block-image\"><figure class=\"alignright\"><a href=\"https:\/\/www.sume.pb.gov.br\/wp-content\/uploads\/2020\/06\/WhatsApp-Image-2020-06-22-at-13.18.13-1.jpeg\"><img decoding=\"async\" data-src=\"https:\/\/www.sume.pb.gov.br\/wp-content\/uploads\/2020\/06\/WhatsApp-Image-2020-06-22-at-13.18.13-1-300x225.jpeg\" alt=\"\" class=\"wp-image-10403 lazyload\" src=\"data:image\/svg+xml;base64,PHN2ZyB3aWR0aD0iMSIgaGVpZ2h0PSIxIiB4bWxucz0iaHR0cDovL3d3dy53My5vcmcvMjAwMC9zdmciPjwvc3ZnPg==\" style=\"--smush-placeholder-width: 300px; --smush-placeholder-aspect-ratio: 300\/225;\" \/><\/a><\/figure><\/div>\n\n\n\n<p>A unidade vai atender a popula\u00e7\u00e3o dos bairros Renascer e Santa, o que representa um p\u00fablico de 1.220 pessoas distribu\u00eddas em 465 fam\u00edlias, de acordo com dados da Secretaria Municipal de Sa\u00fade.<\/p>\n\n\n\n<p>A nova UBS ir\u00e1 aumentar a cobertura da aten\u00e7\u00e3o prim\u00e1ria em sa\u00fade. Somada \u00e0s demais unidades j\u00e1 existentes na zona urbana, o munic\u00edpio contar\u00e1 com seis unidades b\u00e1sicas de sa\u00fade, al\u00e9m de duas \u00e2ncoras. Na zona rural s\u00e3o sete unidades, uma no Pio X e outras seis unidades \u00e2ncoras (Nove Casas, Jurema, Carna\u00faba, Assentamento Mandacaru, Riacho da Ro\u00e7a e Concei\u00e7\u00e3o).<\/p>\n\n\n\n<p>Recentemente o prefeito \u00c9den Duarte entregou a UBS do s\u00edtio Carna\u00faba e anunciou uma outra para o s\u00edtio Terra Vermelha.<\/p>\n\n\n\n<p>Ascom PMS<\/p>\n","protected":false},"excerpt":{"rendered":"<p>O prefeito de Sum\u00e9, \u00c9den Duarte, anunciou nesta segunda-feira (22), que o munic\u00edpio receber\u00e1 mais uma unidade b\u00e1sica de sa\u00fade. A nova unidade ir\u00e1 refor\u00e7ar&hellip; <\/p>\n","protected":false},"author":1,"featured_media":175426,"comment_status":"closed","ping_status":"closed","sticky":false,"template":"","format":"standard","meta":{"sfsi_plus_gutenberg_text_before_share":"","sfsi_plus_gutenberg_show_text_before_share":"","sfsi_plus_gutenberg_icon_type":"","sfsi_plus_gutenberg_icon_alignemt":"","sfsi_plus_gutenburg_max_per_row":"","footnotes":""},"categories":[6,50],"tags":[],"class_list":["post-175425","post","type-post","status-publish","format-standard","has-post-thumbnail","hentry","category-cidades","category-destaque"],"_links":{"self":[{"href":"https:\/\/www.caririemacao.com\/1\/wp-json\/wp\/v2\/posts\/175425","targetHints":{"allow":["GET"]}}],"collection":[{"href":"https:\/\/www.caririemacao.com\/1\/wp-json\/wp\/v2\/posts"}],"about":[{"href":"https:\/\/www.caririemacao.com\/1\/wp-json\/wp\/v2\/types\/post"}],"author":[{"embeddable":true,"href":"https:\/\/www.caririemacao.com\/1\/wp-json\/wp\/v2\/users\/1"}],"replies":[{"embeddable":true,"href":"https:\/\/www.caririemacao.com\/1\/wp-json\/wp\/v2\/comments?post=175425"}],"version-history":[{"count":1,"href":"https:\/\/www.caririemacao.com\/1\/wp-json\/wp\/v2\/posts\/175425\/revisions"}],"predecessor-version":[{"id":175427,"href":"https:\/\/www.caririemacao.com\/1\/wp-json\/wp\/v2\/posts\/175425\/revisions\/175427"}],"wp:featuredmedia":[{"embeddable":true,"href":"https:\/\/www.caririemacao.com\/1\/wp-json\/wp\/v2\/media\/175426"}],"wp:attachment":[{"href":"https:\/\/www.caririemacao.com\/1\/wp-json\/wp\/v2\/media?parent=175425"}],"wp:term":[{"taxonomy":"category","embeddable":true,"href":"https:\/\/www.caririemacao.com\/1\/wp-json\/wp\/v2\/categories?post=175425"},{"taxonomy":"post_tag","embeddable":true,"href":"https:\/\/www.caririemacao.com\/1\/wp-json\/wp\/v2\/tags?post=175425"}],"curies":[{"name":"wp","href":"https:\/\/api.w.org\/{rel}","templated":true}]}}