{"id":175429,"date":"2020-06-23T02:24:18","date_gmt":"2020-06-23T05:24:18","guid":{"rendered":"https:\/\/www.caririemacao.com\/1\/?p=175429"},"modified":"2020-06-23T02:24:18","modified_gmt":"2020-06-23T05:24:18","slug":"prefeitura-de-camalau-consegue-doacao-atraves-da-parceria-com-a-ong-afink","status":"publish","type":"post","link":"https:\/\/www.caririemacao.com\/1\/2020\/06\/23\/prefeitura-de-camalau-consegue-doacao-atraves-da-parceria-com-a-ong-afink\/","title":{"rendered":"Prefeitura de Camala\u00fa consegue doa\u00e7\u00e3o atrav\u00e9s da parceria com a ONG AFINK"},"content":{"rendered":"\n<p>A Prefeitura Municipal de Camala\u00fa, por meio da parceria estabelecida com a  ONG AFINK. Conseguiu doa\u00e7\u00f5es de milhares de mudas, que ser\u00e3o distribu\u00eddas pela Secretaria Municipal de Agricultura.<\/p>\n\n\n\n<p>A Prefeitura de Camala\u00fa agradece a Prefeitura Municipal de Sum\u00e9 e aos integrantes do Projeto MUDA pelo apoio. <\/p>\n","protected":false},"excerpt":{"rendered":"<p>A Prefeitura Municipal de Camala\u00fa, por meio da parceria estabelecida com a ONG AFINK. Conseguiu doa\u00e7\u00f5es de milhares de mudas, que ser\u00e3o distribu\u00eddas pela Secretaria&hellip; <\/p>\n","protected":false},"author":1,"featured_media":175430,"comment_status":"closed","ping_status":"closed","sticky":false,"template":"","format":"standard","meta":{"sfsi_plus_gutenberg_text_before_share":"","sfsi_plus_gutenberg_show_text_before_share":"","sfsi_plus_gutenberg_icon_type":"","sfsi_plus_gutenberg_icon_alignemt":"","sfsi_plus_gutenburg_max_per_row":"","footnotes":""},"categories":[6,50],"tags":[],"class_list":["post-175429","post","type-post","status-publish","format-standard","has-post-thumbnail","hentry","category-cidades","category-destaque"],"_links":{"self":[{"href":"https:\/\/www.caririemacao.com\/1\/wp-json\/wp\/v2\/posts\/175429","targetHints":{"allow":["GET"]}}],"collection":[{"href":"https:\/\/www.caririemacao.com\/1\/wp-json\/wp\/v2\/posts"}],"about":[{"href":"https:\/\/www.caririemacao.com\/1\/wp-json\/wp\/v2\/types\/post"}],"author":[{"embeddable":true,"href":"https:\/\/www.caririemacao.com\/1\/wp-json\/wp\/v2\/users\/1"}],"replies":[{"embeddable":true,"href":"https:\/\/www.caririemacao.com\/1\/wp-json\/wp\/v2\/comments?post=175429"}],"version-history":[{"count":1,"href":"https:\/\/www.caririemacao.com\/1\/wp-json\/wp\/v2\/posts\/175429\/revisions"}],"predecessor-version":[{"id":175431,"href":"https:\/\/www.caririemacao.com\/1\/wp-json\/wp\/v2\/posts\/175429\/revisions\/175431"}],"wp:featuredmedia":[{"embeddable":true,"href":"https:\/\/www.caririemacao.com\/1\/wp-json\/wp\/v2\/media\/175430"}],"wp:attachment":[{"href":"https:\/\/www.caririemacao.com\/1\/wp-json\/wp\/v2\/media?parent=175429"}],"wp:term":[{"taxonomy":"category","embeddable":true,"href":"https:\/\/www.caririemacao.com\/1\/wp-json\/wp\/v2\/categories?post=175429"},{"taxonomy":"post_tag","embeddable":true,"href":"https:\/\/www.caririemacao.com\/1\/wp-json\/wp\/v2\/tags?post=175429"}],"curies":[{"name":"wp","href":"https:\/\/api.w.org\/{rel}","templated":true}]}}