{"id":175432,"date":"2020-06-23T02:30:40","date_gmt":"2020-06-23T05:30:40","guid":{"rendered":"https:\/\/www.caririemacao.com\/1\/?p=175432"},"modified":"2020-06-23T02:30:40","modified_gmt":"2020-06-23T05:30:40","slug":"prefeito-de-caraubas-assina-ordem-de-servico-para-inicio-da-reforma-da-escola-da-comunidade-de-passagem","status":"publish","type":"post","link":"https:\/\/www.caririemacao.com\/1\/2020\/06\/23\/prefeito-de-caraubas-assina-ordem-de-servico-para-inicio-da-reforma-da-escola-da-comunidade-de-passagem\/","title":{"rendered":"Prefeito de Cara\u00fabas assina ordem de servi\u00e7o para in\u00edcio da reforma da escola da comunidade de Passagem"},"content":{"rendered":"\n<p>O prefeito Silvano Dudu assinou na manh\u00e3 da \u00faltima ter\u00e7a-feira, dia 16 de Junho de 2020, a ordem de servi\u00e7o para o inicio das obras de reforma da Escola Jo\u00e3o Ant\u00f4nio de Souza da comunidade de Passagem. Os recursos s\u00f3 foram garantidos gra\u00e7as a um parceria realizada por meio do Deputado Estadual e presidente da Assembleia Legislativa, Adriano Galdino, que apresentou Emenda ao or\u00e7amento do Estado.<\/p>\n\n\n\n<p><br>Ser\u00e3o destinados R$ 150.000,00(Cento e Cinquenta Mil Reais) para uma ampla reforma no atual pr\u00e9dio existente. Os recursos foram garantidos atrav\u00e9s de conv\u00eanio com a Secretaria da Educa\u00e7\u00e3o do Estado da Para\u00edba e ir\u00e1 beneficiar dezenas de estudantes que se deslocavam para a comunidade vizinha de Ponta de Serra, exatamente pela falta de espa\u00e7o adequado.<br>Essa \u00e9 mais uma a\u00e7\u00e3o para atender o apelo da comunidade, dos pais e da classe estudantil. N\u00e3o diferente das demais, ao assumirmos encontramos mais uma obra inacabada, paralisada e abandonada pelas gest\u00f5es que me antecederam. O contrato com a empresa j\u00e1 havia sido encerrado e n\u00e3o havia recursos garantidos para tocar a obra, disse o prefeito Silvano.<\/p>\n\n\n\n<p><br>Tivemos que fazer o projeto, pois, nem isso existia. Tivemos a visita de engenheiros que detectaram uma sapata totalmente fora de esquadra e que n\u00e3o serve pra nada. Os recursos que aqui foram gastos se tornaram em v\u00e3o, pois, a escola n\u00e3o teve funcionalidade. Mas gra\u00e7as a sensibilidade do Deputado Adriano Galdino atrav\u00e9s de um pedido feito por n\u00f3s quando da sua visita a comunidade da Passagem, hoje estamos sendo agraciados com essa boa not\u00edcia, afirmou o prefeito.<\/p>\n\n\n\n<p><br>As obras j\u00e1 se iniciam nesta segunda-feira, dia 22 de Junho do corrente, e ter\u00e1 a construtora F V DOS SANTOS EIRELI vencedora do certame licitat\u00f3rio realizado na modalidade Tomada de Pre\u00e7os n.\u00ba 0002\/2020, como respons\u00e1vel pela obra. O prefeito Silvano Dudu esteve pessoalmente na \u00faltima quinta-feira, dia 18\/6, com os representantes da empresa visitando o local da obra.<\/p>\n\n\n\n<p><br>Vamos garantir dignidade e educa\u00e7\u00e3o de qualidade aos nossos estudantes e realizar um antigo sonho dessa comunidade promovendo a reforma necess\u00e1ria e amplia\u00e7\u00e3o do seu espa\u00e7o f\u00edsico, conclui o prefeito.<\/p>\n\n\n\n<p>Fonte: SEPLACOM<br>Foto: MIGUEL FILHO<\/p>\n","protected":false},"excerpt":{"rendered":"<p>O prefeito Silvano Dudu assinou na manh\u00e3 da \u00faltima ter\u00e7a-feira, dia 16 de Junho de 2020, a ordem de servi\u00e7o para o inicio das obras&hellip; <\/p>\n","protected":false},"author":1,"featured_media":175433,"comment_status":"closed","ping_status":"closed","sticky":false,"template":"","format":"standard","meta":{"sfsi_plus_gutenberg_text_before_share":"","sfsi_plus_gutenberg_show_text_before_share":"","sfsi_plus_gutenberg_icon_type":"","sfsi_plus_gutenberg_icon_alignemt":"","sfsi_plus_gutenburg_max_per_row":"","footnotes":""},"categories":[6,50],"tags":[],"class_list":["post-175432","post","type-post","status-publish","format-standard","has-post-thumbnail","hentry","category-cidades","category-destaque"],"_links":{"self":[{"href":"https:\/\/www.caririemacao.com\/1\/wp-json\/wp\/v2\/posts\/175432","targetHints":{"allow":["GET"]}}],"collection":[{"href":"https:\/\/www.caririemacao.com\/1\/wp-json\/wp\/v2\/posts"}],"about":[{"href":"https:\/\/www.caririemacao.com\/1\/wp-json\/wp\/v2\/types\/post"}],"author":[{"embeddable":true,"href":"https:\/\/www.caririemacao.com\/1\/wp-json\/wp\/v2\/users\/1"}],"replies":[{"embeddable":true,"href":"https:\/\/www.caririemacao.com\/1\/wp-json\/wp\/v2\/comments?post=175432"}],"version-history":[{"count":1,"href":"https:\/\/www.caririemacao.com\/1\/wp-json\/wp\/v2\/posts\/175432\/revisions"}],"predecessor-version":[{"id":175434,"href":"https:\/\/www.caririemacao.com\/1\/wp-json\/wp\/v2\/posts\/175432\/revisions\/175434"}],"wp:featuredmedia":[{"embeddable":true,"href":"https:\/\/www.caririemacao.com\/1\/wp-json\/wp\/v2\/media\/175433"}],"wp:attachment":[{"href":"https:\/\/www.caririemacao.com\/1\/wp-json\/wp\/v2\/media?parent=175432"}],"wp:term":[{"taxonomy":"category","embeddable":true,"href":"https:\/\/www.caririemacao.com\/1\/wp-json\/wp\/v2\/categories?post=175432"},{"taxonomy":"post_tag","embeddable":true,"href":"https:\/\/www.caririemacao.com\/1\/wp-json\/wp\/v2\/tags?post=175432"}],"curies":[{"name":"wp","href":"https:\/\/api.w.org\/{rel}","templated":true}]}}