{"id":175435,"date":"2020-06-23T02:33:29","date_gmt":"2020-06-23T05:33:29","guid":{"rendered":"https:\/\/www.caririemacao.com\/1\/?p=175435"},"modified":"2020-06-23T02:33:29","modified_gmt":"2020-06-23T05:33:29","slug":"prefeitura-de-caraubas-e-secretaria-de-obras-continuam-recuperando-estradas-vicinais-destruidas-pelas-chuvas","status":"publish","type":"post","link":"https:\/\/www.caririemacao.com\/1\/2020\/06\/23\/prefeitura-de-caraubas-e-secretaria-de-obras-continuam-recuperando-estradas-vicinais-destruidas-pelas-chuvas\/","title":{"rendered":"Prefeitura de Cara\u00fabas e Secretaria de Obras continuam recuperando estradas vicinais destru\u00eddas pelas chuvas"},"content":{"rendered":"\n<p>Cumprindo um cronograma elaborado desde o inicio do ano pelo setor de engenharia da Prefeitura Municipal de Cara\u00fabas a Secretaria de Obras P\u00fablicas e Servi\u00e7os Urbanos vem realizando o trabalho de restaura\u00e7\u00e3o e recupera\u00e7\u00e3o da malha vi\u00e1ria do munic\u00edpio com a coloca\u00e7\u00e3o de material\/aterro e patrulhamento das estradas que cortam o munic\u00edpio.<\/p>\n\n\n\n<p><br>De acordo com o secret\u00e1rio de Obras P\u00fablicas e Servi\u00e7os Urbanos, Jos\u00e9 Marcelo Neves, j\u00e1 foi totalmente recuperada a estrada que d\u00e1 acesso a comunidade da Passagem e Ponta de Serra, uma vez que usamos nossos equipamentos para recuperar a estrada. O processo demorou um pouco mais na contrata\u00e7\u00e3o de uma maquina pesada para realizar a escava\u00e7\u00e3o do material, mas t\u00e3o logo ela foi disponibilizada adiantamos muito os servi\u00e7os, disse o secret\u00e1rio.<\/p>\n\n\n\n<p><br>Por determina\u00e7\u00e3o do prefeito Silvano Dudu nenhuma comunidade deixar\u00e1 de receber o benef\u00edcio. No entanto, \u00e9 necess\u00e1rio se ter um pouco de paci\u00eancia porque desta vez n\u00e3o estamos apenas passando a m\u00e1quina Patrol na estrada. As chuvas levaram o pouco material que ainda existia nas estrada e com isso nos for\u00e7ou a repor esse material o que demanda um pouco mais de tempo, afirmou ele.<\/p>\n\n\n\n<p><br>Vamos cumprir com todo o cronograma elaborado, ainda faltam muitas estradas para recuperar mais j\u00e1 conseguimos adiantar muitas delas. Inicialmente estamos nas mais transit\u00e1veis, como as que d\u00e3o acesso as comunidades mais populosas, depois vamos fazer as que interligam o munic\u00edpio a Barra de S\u00e3o Miguel a PB 196, e consequentemente, realizado os servi\u00e7os das vicinais, concluiu o secret\u00e1rio.<\/p>\n\n\n\n<p><br>J\u00e1 o prefeito Silvano Dudu disse que um munic\u00edpio sem estradas \u00e9 um munic\u00edpio que n\u00e3o tem desenvolvimento, pois, tudo vem pela estrada. Embora tenhamos dois acessos totalmente pavimentados o que diminuiu os nossos servi\u00e7os, mais precisamos atender as comunidades que nesta \u00e9poca de inverno ficam totalmente isoladas. Vamos recuperar todas para que possamos garantir um acesso de boa qualidade para todos os transeuntes, sejam ve\u00edculos, motos, carros pesados e afins, disse o preocupado com as estradas o prefeito.<\/p>\n\n\n\n<p>Fonte: SEPLACOM<br>Foto: MIGUEL FILHO<\/p>\n","protected":false},"excerpt":{"rendered":"<p>Cumprindo um cronograma elaborado desde o inicio do ano pelo setor de engenharia da Prefeitura Municipal de Cara\u00fabas a Secretaria de Obras P\u00fablicas e Servi\u00e7os&hellip; <\/p>\n","protected":false},"author":1,"featured_media":175436,"comment_status":"closed","ping_status":"closed","sticky":false,"template":"","format":"standard","meta":{"sfsi_plus_gutenberg_text_before_share":"","sfsi_plus_gutenberg_show_text_before_share":"","sfsi_plus_gutenberg_icon_type":"","sfsi_plus_gutenberg_icon_alignemt":"","sfsi_plus_gutenburg_max_per_row":"","footnotes":""},"categories":[6,50],"tags":[],"class_list":["post-175435","post","type-post","status-publish","format-standard","has-post-thumbnail","hentry","category-cidades","category-destaque"],"_links":{"self":[{"href":"https:\/\/www.caririemacao.com\/1\/wp-json\/wp\/v2\/posts\/175435","targetHints":{"allow":["GET"]}}],"collection":[{"href":"https:\/\/www.caririemacao.com\/1\/wp-json\/wp\/v2\/posts"}],"about":[{"href":"https:\/\/www.caririemacao.com\/1\/wp-json\/wp\/v2\/types\/post"}],"author":[{"embeddable":true,"href":"https:\/\/www.caririemacao.com\/1\/wp-json\/wp\/v2\/users\/1"}],"replies":[{"embeddable":true,"href":"https:\/\/www.caririemacao.com\/1\/wp-json\/wp\/v2\/comments?post=175435"}],"version-history":[{"count":1,"href":"https:\/\/www.caririemacao.com\/1\/wp-json\/wp\/v2\/posts\/175435\/revisions"}],"predecessor-version":[{"id":175437,"href":"https:\/\/www.caririemacao.com\/1\/wp-json\/wp\/v2\/posts\/175435\/revisions\/175437"}],"wp:featuredmedia":[{"embeddable":true,"href":"https:\/\/www.caririemacao.com\/1\/wp-json\/wp\/v2\/media\/175436"}],"wp:attachment":[{"href":"https:\/\/www.caririemacao.com\/1\/wp-json\/wp\/v2\/media?parent=175435"}],"wp:term":[{"taxonomy":"category","embeddable":true,"href":"https:\/\/www.caririemacao.com\/1\/wp-json\/wp\/v2\/categories?post=175435"},{"taxonomy":"post_tag","embeddable":true,"href":"https:\/\/www.caririemacao.com\/1\/wp-json\/wp\/v2\/tags?post=175435"}],"curies":[{"name":"wp","href":"https:\/\/api.w.org\/{rel}","templated":true}]}}