{"id":175438,"date":"2020-06-23T02:36:00","date_gmt":"2020-06-23T05:36:00","guid":{"rendered":"https:\/\/www.caririemacao.com\/1\/?p=175438"},"modified":"2020-06-23T02:36:00","modified_gmt":"2020-06-23T05:36:00","slug":"agricultores-do-municipio-de-caraubas-sao-beneficiados-pela-prefeitura-com-o-preparo-de-ensilagem","status":"publish","type":"post","link":"https:\/\/www.caririemacao.com\/1\/2020\/06\/23\/agricultores-do-municipio-de-caraubas-sao-beneficiados-pela-prefeitura-com-o-preparo-de-ensilagem\/","title":{"rendered":"Agricultores do munic\u00edpio de Cara\u00fabas s\u00e3o beneficiados pela Prefeitura com o preparo de ensilagem"},"content":{"rendered":"\n<p>A Secretaria da Agricultura do munic\u00edpio de Cara\u00fabas vem realizando simultaneamente v\u00e1rias a\u00e7\u00f5es de benef\u00edcio aos agricultores do munic\u00edpio. Dentre as dezenas de a\u00e7\u00f5es entre, preparo do solo, plantio e distribui\u00e7\u00e3o de mudas, uma merece destaque. Estamos falando do preparo de ensilagem realizado com os equipamentos adquiridos pelo munic\u00edpio em parceria com o Governo do Estado atrav\u00e9s do PROCASE.<\/p>\n\n\n\n<p><br>O secret\u00e1rio da Agricultura, Rone Feitoza, disse que com um ano excelente de inverno os agricultores est\u00e3o enchendo nossos olhos de fartura. Olha fazia tempo que n\u00e3o t\u00ednhamos um ano t\u00e3o bom. Os agricultores tiveram e est\u00e3o tendo todo apoio necess\u00e1rio da secretaria da agricultura e do Poder P\u00fablico para produzir com qualidade. Estamos disponibilizando os equipamentos do munic\u00edpio para os que procuram o centro de apoio ao produtor com a finalidade de puder beneficiar o maior n\u00famero poss\u00edvel de agricultores.<\/p>\n\n\n\n<p><br>Teremos uma safra recorde esse ano de gr\u00e3os e a satisfa\u00e7\u00e3o em ver a alegria do homem do campo que voltou a sorrir com a lucratividade, em que pese as dificuldades ocasionadas pelo coronavirus, disse Rone. Al\u00e9m da cultura de subsist\u00eancia \u00e9 nesse per\u00edodo que h\u00e1 o maior crescimento das plantas forrageiras tropicais.<\/p>\n\n\n\n<p><br>Como no per\u00edodo da seca (inverno), ocorre diminui\u00e7\u00e3o da disponibilidade de forragem devido \u00e0 menor disponibilidade de \u00e1gua, radia\u00e7\u00e3o solar e temperatura, \u00e9 exatamente nesse per\u00edodo que alguns produtores procuram a secretaria para preparar os selos e as forragens com o objetivo de atender a demanda de alimento do rebanho por ser constante durante todo o ano.<\/p>\n\n\n\n<p><br>Uma alternativa para garantir alimento \u00e9 ensilar o capim (excedente da \u00e9poca das \u00e1guas ou capineira) e fornecer ao rebanho durante o per\u00edodo de escassez de forragem. Por isso, estamos disponibilizando nosso trator e a ensiladeira para que os pecuaristas, criadores e agricultores possam produzir a ensilagem necess\u00e1ria para os seus rebanhos, concluiu o secret\u00e1rio da agricultura.<\/p>\n\n\n\n<p>FONTE: SEPLACOM<br>FOTOS: MIGUEL FILHO<\/p>\n","protected":false},"excerpt":{"rendered":"<p>A Secretaria da Agricultura do munic\u00edpio de Cara\u00fabas vem realizando simultaneamente v\u00e1rias a\u00e7\u00f5es de benef\u00edcio aos agricultores do munic\u00edpio. Dentre as dezenas de a\u00e7\u00f5es entre,&hellip; <\/p>\n","protected":false},"author":1,"featured_media":175439,"comment_status":"closed","ping_status":"closed","sticky":false,"template":"","format":"standard","meta":{"sfsi_plus_gutenberg_text_before_share":"","sfsi_plus_gutenberg_show_text_before_share":"","sfsi_plus_gutenberg_icon_type":"","sfsi_plus_gutenberg_icon_alignemt":"","sfsi_plus_gutenburg_max_per_row":"","footnotes":""},"categories":[6,50],"tags":[],"class_list":["post-175438","post","type-post","status-publish","format-standard","has-post-thumbnail","hentry","category-cidades","category-destaque"],"_links":{"self":[{"href":"https:\/\/www.caririemacao.com\/1\/wp-json\/wp\/v2\/posts\/175438","targetHints":{"allow":["GET"]}}],"collection":[{"href":"https:\/\/www.caririemacao.com\/1\/wp-json\/wp\/v2\/posts"}],"about":[{"href":"https:\/\/www.caririemacao.com\/1\/wp-json\/wp\/v2\/types\/post"}],"author":[{"embeddable":true,"href":"https:\/\/www.caririemacao.com\/1\/wp-json\/wp\/v2\/users\/1"}],"replies":[{"embeddable":true,"href":"https:\/\/www.caririemacao.com\/1\/wp-json\/wp\/v2\/comments?post=175438"}],"version-history":[{"count":1,"href":"https:\/\/www.caririemacao.com\/1\/wp-json\/wp\/v2\/posts\/175438\/revisions"}],"predecessor-version":[{"id":175440,"href":"https:\/\/www.caririemacao.com\/1\/wp-json\/wp\/v2\/posts\/175438\/revisions\/175440"}],"wp:featuredmedia":[{"embeddable":true,"href":"https:\/\/www.caririemacao.com\/1\/wp-json\/wp\/v2\/media\/175439"}],"wp:attachment":[{"href":"https:\/\/www.caririemacao.com\/1\/wp-json\/wp\/v2\/media?parent=175438"}],"wp:term":[{"taxonomy":"category","embeddable":true,"href":"https:\/\/www.caririemacao.com\/1\/wp-json\/wp\/v2\/categories?post=175438"},{"taxonomy":"post_tag","embeddable":true,"href":"https:\/\/www.caririemacao.com\/1\/wp-json\/wp\/v2\/tags?post=175438"}],"curies":[{"name":"wp","href":"https:\/\/api.w.org\/{rel}","templated":true}]}}