{"id":175441,"date":"2020-06-23T02:38:54","date_gmt":"2020-06-23T05:38:54","guid":{"rendered":"https:\/\/www.caririemacao.com\/1\/?p=175441"},"modified":"2020-06-23T02:38:54","modified_gmt":"2020-06-23T05:38:54","slug":"secretaria-da-agricultura-de-caraubas-entra-na-reta-final-da-campanha-de-vacinacao-contra-a-febre-aftosa","status":"publish","type":"post","link":"https:\/\/www.caririemacao.com\/1\/2020\/06\/23\/secretaria-da-agricultura-de-caraubas-entra-na-reta-final-da-campanha-de-vacinacao-contra-a-febre-aftosa\/","title":{"rendered":"Secretaria da Agricultura de Cara\u00fabas entra na reta final da campanha de vacina\u00e7\u00e3o contra a febre aftosa"},"content":{"rendered":"\n<p>Iniciada desde o \u00faltimo dia 1\u00ba de Junho do corrente, a primeira etapa da campanha de vacina\u00e7\u00e3o contra febre aftosa, em todas as regi\u00f5es do Estado, e em cumprimento a essa determina\u00e7\u00e3o da SEDAP\/PB, a Secretaria da Agricultura do munic\u00edpio de Cara\u00fabas vem cumprindo o cronograma elaborado para vacinar aproximadamente 3000(tr\u00eas) mil cabe\u00e7as de bovinos.<\/p>\n\n\n\n<p><br>Esta primeira fase acontece at\u00e9 o pr\u00f3ximo dia 30 de junho. Ap\u00f3s este prazo, os criadores ter\u00e3o 10 dias para comprovar a vacina\u00e7\u00e3o em escrit\u00f3rios da Ger\u00eancia de Defesa Agropecu\u00e1ria do Estado (Geda). Mesmo quem tem apenas uma cabe\u00e7a de gado est\u00e1 obrigado a cumprir com a determina\u00e7\u00e3o do Minist\u00e9rio da Agricultura.<br>De acordo com o secret\u00e1rio da Agricultura, Rone Feitoza, a Prefeitura de Cara\u00fabas esta disponibilizando toda uma infraestrutura para atender os criadores que vai desde a comprar das vacinas, vacinador, vaqueiro para la\u00e7o e anotador dos dados do rebanho.<\/p>\n\n\n\n<p><br>Mesmo diante das dificuldades enfrentadas pela pandemia ocasionada pela COVID-19, o secret\u00e1rio da agricultura afirma que foi poss\u00edvel montar uma estrat\u00e9gia operacional de vacina\u00e7\u00e3o sem ferir o decreto governamental dando suporte a equipe t\u00e9cnica da secretaria, bem como, aos criadores que n\u00e3o deixar\u00e3o de ter o seu rebanho vacinado.<\/p>\n\n\n\n<p>Nesta \u00faltima semana da campanha no mun\u00edcipio haver\u00e1 vacina\u00e7\u00e3o nas seguintes comunidades: dia 22\/06(segunda-feira) as comunidades de Cacimbas, Azeite, Curralinho, Salgadinho, Capote, Rezende e Riacho do Boi. Amanh\u00e3 dia 23\/06, as comunidades de Santa Luzia, Po\u00e7o Grande e Po\u00e7o do Pau. E finalmente, no dia 25\/06, na cidade de Cara\u00fabas e Adjacentes.<br>O secret\u00e1rio da Agricultura lembra aos criadores das comunidades j\u00e1 beneficiadas que se o rebanho deixou de ser vacinado, deixamos a \u00faltima semana do m\u00eas de junho para passar novamente nessas localidades com o objetivo de imunizar o rebanho que deixou de ser vacinado, finalizou ele.<\/p>\n\n\n\n<p>FONTE: SEPLACOM<br>FOTOS: MIGUEL FILHO<\/p>\n","protected":false},"excerpt":{"rendered":"<p>Iniciada desde o \u00faltimo dia 1\u00ba de Junho do corrente, a primeira etapa da campanha de vacina\u00e7\u00e3o contra febre aftosa, em todas as regi\u00f5es do&hellip; <\/p>\n","protected":false},"author":1,"featured_media":175442,"comment_status":"closed","ping_status":"closed","sticky":false,"template":"","format":"standard","meta":{"sfsi_plus_gutenberg_text_before_share":"","sfsi_plus_gutenberg_show_text_before_share":"","sfsi_plus_gutenberg_icon_type":"","sfsi_plus_gutenberg_icon_alignemt":"","sfsi_plus_gutenburg_max_per_row":"","footnotes":""},"categories":[6,50],"tags":[],"class_list":["post-175441","post","type-post","status-publish","format-standard","has-post-thumbnail","hentry","category-cidades","category-destaque"],"_links":{"self":[{"href":"https:\/\/www.caririemacao.com\/1\/wp-json\/wp\/v2\/posts\/175441","targetHints":{"allow":["GET"]}}],"collection":[{"href":"https:\/\/www.caririemacao.com\/1\/wp-json\/wp\/v2\/posts"}],"about":[{"href":"https:\/\/www.caririemacao.com\/1\/wp-json\/wp\/v2\/types\/post"}],"author":[{"embeddable":true,"href":"https:\/\/www.caririemacao.com\/1\/wp-json\/wp\/v2\/users\/1"}],"replies":[{"embeddable":true,"href":"https:\/\/www.caririemacao.com\/1\/wp-json\/wp\/v2\/comments?post=175441"}],"version-history":[{"count":1,"href":"https:\/\/www.caririemacao.com\/1\/wp-json\/wp\/v2\/posts\/175441\/revisions"}],"predecessor-version":[{"id":175443,"href":"https:\/\/www.caririemacao.com\/1\/wp-json\/wp\/v2\/posts\/175441\/revisions\/175443"}],"wp:featuredmedia":[{"embeddable":true,"href":"https:\/\/www.caririemacao.com\/1\/wp-json\/wp\/v2\/media\/175442"}],"wp:attachment":[{"href":"https:\/\/www.caririemacao.com\/1\/wp-json\/wp\/v2\/media?parent=175441"}],"wp:term":[{"taxonomy":"category","embeddable":true,"href":"https:\/\/www.caririemacao.com\/1\/wp-json\/wp\/v2\/categories?post=175441"},{"taxonomy":"post_tag","embeddable":true,"href":"https:\/\/www.caririemacao.com\/1\/wp-json\/wp\/v2\/tags?post=175441"}],"curies":[{"name":"wp","href":"https:\/\/api.w.org\/{rel}","templated":true}]}}