{"id":175444,"date":"2020-06-23T02:44:58","date_gmt":"2020-06-23T05:44:58","guid":{"rendered":"https:\/\/www.caririemacao.com\/1\/?p=175444"},"modified":"2020-06-23T02:44:58","modified_gmt":"2020-06-23T05:44:58","slug":"prefeitura-de-caraubas-publica-calendario-da-campanha-de-vacinacao-contra-a-febre-aftosa","status":"publish","type":"post","link":"https:\/\/www.caririemacao.com\/1\/2020\/06\/23\/prefeitura-de-caraubas-publica-calendario-da-campanha-de-vacinacao-contra-a-febre-aftosa\/","title":{"rendered":"Prefeitura de Cara\u00fabas publica calend\u00e1rio da campanha de  vacina\u00e7\u00e3o contra a febre aftosa"},"content":{"rendered":"\n<p>A Prefeitura Municipal de Cara\u00fabas, publicou por meio de suas redes sociais. O calend\u00e1rio da campanha de vacina\u00e7\u00e3o contra a febre aftosa. <\/p>\n\n\n\n<p>De acordo com a prefeitura, em virtude do feriado do dia de S\u00e3o Jo\u00e3o haver\u00e1 vacina\u00e7\u00e3o nos dias 22 e 23\/06. <\/p>\n\n\n\n<p>A campanha dever\u00e1 ser conclu\u00edda no dia 25 de Junho do corrente.<\/p>\n","protected":false},"excerpt":{"rendered":"<p>A Prefeitura Municipal de Cara\u00fabas, publicou por meio de suas redes sociais. O calend\u00e1rio da campanha de vacina\u00e7\u00e3o contra a febre aftosa. De acordo com&hellip; <\/p>\n","protected":false},"author":1,"featured_media":175445,"comment_status":"closed","ping_status":"closed","sticky":false,"template":"","format":"standard","meta":{"sfsi_plus_gutenberg_text_before_share":"","sfsi_plus_gutenberg_show_text_before_share":"","sfsi_plus_gutenberg_icon_type":"","sfsi_plus_gutenberg_icon_alignemt":"","sfsi_plus_gutenburg_max_per_row":"","footnotes":""},"categories":[6,50],"tags":[],"class_list":["post-175444","post","type-post","status-publish","format-standard","has-post-thumbnail","hentry","category-cidades","category-destaque"],"_links":{"self":[{"href":"https:\/\/www.caririemacao.com\/1\/wp-json\/wp\/v2\/posts\/175444","targetHints":{"allow":["GET"]}}],"collection":[{"href":"https:\/\/www.caririemacao.com\/1\/wp-json\/wp\/v2\/posts"}],"about":[{"href":"https:\/\/www.caririemacao.com\/1\/wp-json\/wp\/v2\/types\/post"}],"author":[{"embeddable":true,"href":"https:\/\/www.caririemacao.com\/1\/wp-json\/wp\/v2\/users\/1"}],"replies":[{"embeddable":true,"href":"https:\/\/www.caririemacao.com\/1\/wp-json\/wp\/v2\/comments?post=175444"}],"version-history":[{"count":1,"href":"https:\/\/www.caririemacao.com\/1\/wp-json\/wp\/v2\/posts\/175444\/revisions"}],"predecessor-version":[{"id":175446,"href":"https:\/\/www.caririemacao.com\/1\/wp-json\/wp\/v2\/posts\/175444\/revisions\/175446"}],"wp:featuredmedia":[{"embeddable":true,"href":"https:\/\/www.caririemacao.com\/1\/wp-json\/wp\/v2\/media\/175445"}],"wp:attachment":[{"href":"https:\/\/www.caririemacao.com\/1\/wp-json\/wp\/v2\/media?parent=175444"}],"wp:term":[{"taxonomy":"category","embeddable":true,"href":"https:\/\/www.caririemacao.com\/1\/wp-json\/wp\/v2\/categories?post=175444"},{"taxonomy":"post_tag","embeddable":true,"href":"https:\/\/www.caririemacao.com\/1\/wp-json\/wp\/v2\/tags?post=175444"}],"curies":[{"name":"wp","href":"https:\/\/api.w.org\/{rel}","templated":true}]}}