{"id":175450,"date":"2020-06-23T02:55:26","date_gmt":"2020-06-23T05:55:26","guid":{"rendered":"https:\/\/www.caririemacao.com\/1\/?p=175450"},"modified":"2020-06-23T02:55:26","modified_gmt":"2020-06-23T05:55:26","slug":"ao-lado-de-gilmar-mendes-bolsonaro-volta-a-pregar-pacificacao-entre-os-poderes","status":"publish","type":"post","link":"https:\/\/www.caririemacao.com\/1\/2020\/06\/23\/ao-lado-de-gilmar-mendes-bolsonaro-volta-a-pregar-pacificacao-entre-os-poderes\/","title":{"rendered":"Ao lado de Gilmar Mendes, Bolsonaro volta a pregar pacifica\u00e7\u00e3o entre os Poderes"},"content":{"rendered":"\n<p>Ao lado de Gilmar Mendes, Jair Bolsonaro voltou a pregar pacifica\u00e7\u00e3o entre os Poderes.<\/p>\n\n\n\n<p>No lan\u00e7amento de um canal sobre agroneg\u00f3cio, o presidente falou que \u00e9 preciso que todos estejam \u201cfocados realmente no bem estar da nossa popula\u00e7\u00e3o\u201d.<\/p>\n\n\n\n<p>\u201cN\u00f3s, em paz e harmonia, com entendimento entre os Poderes, todos focados realmente no bem estar da nossa popula\u00e7\u00e3o e no anseio da mesma, temos certeza que colocaremos o Brasil no lugar onde merece.\u201d<\/p>\n\n\n\n<p>Com Serid\u00f3 360<\/p>\n","protected":false},"excerpt":{"rendered":"<p>Ao lado de Gilmar Mendes, Jair Bolsonaro voltou a pregar pacifica\u00e7\u00e3o entre os Poderes. No lan\u00e7amento de um canal sobre agroneg\u00f3cio, o presidente falou que&hellip; <\/p>\n","protected":false},"author":1,"featured_media":175451,"comment_status":"closed","ping_status":"closed","sticky":false,"template":"","format":"standard","meta":{"sfsi_plus_gutenberg_text_before_share":"","sfsi_plus_gutenberg_show_text_before_share":"","sfsi_plus_gutenberg_icon_type":"","sfsi_plus_gutenberg_icon_alignemt":"","sfsi_plus_gutenburg_max_per_row":"","footnotes":""},"categories":[11],"tags":[],"class_list":["post-175450","post","type-post","status-publish","format-standard","has-post-thumbnail","hentry","category-politica"],"_links":{"self":[{"href":"https:\/\/www.caririemacao.com\/1\/wp-json\/wp\/v2\/posts\/175450","targetHints":{"allow":["GET"]}}],"collection":[{"href":"https:\/\/www.caririemacao.com\/1\/wp-json\/wp\/v2\/posts"}],"about":[{"href":"https:\/\/www.caririemacao.com\/1\/wp-json\/wp\/v2\/types\/post"}],"author":[{"embeddable":true,"href":"https:\/\/www.caririemacao.com\/1\/wp-json\/wp\/v2\/users\/1"}],"replies":[{"embeddable":true,"href":"https:\/\/www.caririemacao.com\/1\/wp-json\/wp\/v2\/comments?post=175450"}],"version-history":[{"count":1,"href":"https:\/\/www.caririemacao.com\/1\/wp-json\/wp\/v2\/posts\/175450\/revisions"}],"predecessor-version":[{"id":175452,"href":"https:\/\/www.caririemacao.com\/1\/wp-json\/wp\/v2\/posts\/175450\/revisions\/175452"}],"wp:featuredmedia":[{"embeddable":true,"href":"https:\/\/www.caririemacao.com\/1\/wp-json\/wp\/v2\/media\/175451"}],"wp:attachment":[{"href":"https:\/\/www.caririemacao.com\/1\/wp-json\/wp\/v2\/media?parent=175450"}],"wp:term":[{"taxonomy":"category","embeddable":true,"href":"https:\/\/www.caririemacao.com\/1\/wp-json\/wp\/v2\/categories?post=175450"},{"taxonomy":"post_tag","embeddable":true,"href":"https:\/\/www.caririemacao.com\/1\/wp-json\/wp\/v2\/tags?post=175450"}],"curies":[{"name":"wp","href":"https:\/\/api.w.org\/{rel}","templated":true}]}}