{"id":175453,"date":"2020-06-23T02:57:38","date_gmt":"2020-06-23T05:57:38","guid":{"rendered":"https:\/\/www.caririemacao.com\/1\/?p=175453"},"modified":"2020-06-23T02:57:38","modified_gmt":"2020-06-23T05:57:38","slug":"sarampo-se-espalha-em-silencio-durante-pandemia-pais-tem-10-mil-casos-suspeitos","status":"publish","type":"post","link":"https:\/\/www.caririemacao.com\/1\/2020\/06\/23\/sarampo-se-espalha-em-silencio-durante-pandemia-pais-tem-10-mil-casos-suspeitos\/","title":{"rendered":"Sarampo se espalha em sil\u00eancio durante pandemia; pa\u00eds tem 10 mil casos suspeitos"},"content":{"rendered":"\n<p>Em meio a pandemia do novo coronav\u00edrus, um v\u00edrus j\u00e1 conhecido pelo mundo, e para o qual existe vacina, tem se espalhado silenciosamente:&nbsp;<strong>o sarampo.&nbsp;<br><\/strong><br>O Brasil registrou neste ano 10.332 notifica\u00e7\u00f5es de casos considerados suspeitos de sarampo. As informa\u00e7\u00f5es constam no boletim epidemiol\u00f3gico do Minist\u00e9rio da Sa\u00fade, que incluem dados registrados at\u00e9 junho.<\/p>\n\n\n\n<p>O boletim informa que no total notificado 4.017 (38,9%) casos foram confirmados, sendo 3.029 (75,4%) por crit\u00e9rio laboratorial e 988 (24,6%) por crit\u00e9rio cl\u00ednico epidemiol\u00f3gico. Outros 3.812 (36,9%) foram descartados, e permanecem em investiga\u00e7\u00e3o 2.503 (24,2%).&nbsp; At\u00e9 o momento, foram registrados quatro \u00f3bitos por sarampo, em S\u00e3o Paulo, Rio de Janeiro, e dois no Par\u00e1.<\/p>\n\n\n\n<p>Conforme o Minist\u00e9rio da Sa\u00fade, 21 estados est\u00e3o com circula\u00e7\u00e3o ativa do v\u00edrus do sarampo. O Par\u00e1 concentra a maior parcela de casos, 1.918 (47,7%), e maior incid\u00eancia (39,7 casos por 100.000 habitantes).<\/p>\n\n\n\n<p>Os Estados da Bahia, Amazonas, Mato Grosso do Sul, Rio Grande do Sul, Goi\u00e1s, Alagoas, Cear\u00e1, Mato Grosso, Tocantins e Distrito Federal est\u00e3o com mais de 12 semanas (90 dias) de confirma\u00e7\u00e3o do \u00faltimo caso. Mas o Minist\u00e9rio destaca que este cen\u00e1rio est\u00e1 sujeito a altera\u00e7\u00f5es, uma vez que ainda existem casos em investiga\u00e7\u00e3o.<\/p>\n\n\n\n<p>Ao contr\u00e1rio do novo coronav\u00edrus, o sarampo pode ser previnido com vacina, que \u00e9 distribuida gratuitamente na rede p\u00fablica de sa\u00fade. No entanto, reportagem do jornal O Globo traz um dado que ajuda a entender os altos n\u00fameros da doen\u00e7a: desde 2016 a meta de vacina\u00e7\u00e3o da tr\u00edplice viral (para sarampo, caxumba e rub\u00e9ola) n\u00e3o \u00e9 atingida no Brasil.<\/p>\n\n\n\n<p>A meta estabelecida pelo Minist\u00e9rio da Sa\u00fade \u00e9 de imuniza\u00e7\u00e3o de em 95% do p\u00fablico alvo. O \u00edndice caiu para 90,52% em 2017, subiu para 92,64% em 2018 e voltou a cair no ano passado, quando fechou em 90,77%.<br>O sarampo \u00e9 uma doen\u00e7a infectocontagiosa transmitida por secre\u00e7\u00f5es como got\u00edculas eliminadas pelo espirro ou pela tosse. A vacina \u00e9 a forma mais eficaz de prevenir. O sarampo \u00e9 uma doen\u00e7a potencialmente grave. Em gestantes, pode provocar aborto ou parto prematuro. Os sintomas incluem manchas avermelhadas na pele que come\u00e7am no rosto e progridem em dire\u00e7\u00e3o aos p\u00e9s, febre, tosse, mal-estar, conjuntivite, coriza, perda do apetite, manchas brancas na parte interna das bochechas, otite, pneumonia e encefalite.<\/p>\n\n\n\n<p>Com Serid\u00f3 360<br>Por Jade Coelho<\/p>\n","protected":false},"excerpt":{"rendered":"<p>Em meio a pandemia do novo coronav\u00edrus, um v\u00edrus j\u00e1 conhecido pelo mundo, e para o qual existe vacina, tem se espalhado silenciosamente:&nbsp;o sarampo.&nbsp;O Brasil&hellip; <\/p>\n","protected":false},"author":1,"featured_media":175454,"comment_status":"closed","ping_status":"closed","sticky":false,"template":"","format":"standard","meta":{"sfsi_plus_gutenberg_text_before_share":"","sfsi_plus_gutenberg_show_text_before_share":"","sfsi_plus_gutenberg_icon_type":"","sfsi_plus_gutenberg_icon_alignemt":"","sfsi_plus_gutenburg_max_per_row":"","footnotes":""},"categories":[16],"tags":[],"class_list":["post-175453","post","type-post","status-publish","format-standard","has-post-thumbnail","hentry","category-saude"],"_links":{"self":[{"href":"https:\/\/www.caririemacao.com\/1\/wp-json\/wp\/v2\/posts\/175453","targetHints":{"allow":["GET"]}}],"collection":[{"href":"https:\/\/www.caririemacao.com\/1\/wp-json\/wp\/v2\/posts"}],"about":[{"href":"https:\/\/www.caririemacao.com\/1\/wp-json\/wp\/v2\/types\/post"}],"author":[{"embeddable":true,"href":"https:\/\/www.caririemacao.com\/1\/wp-json\/wp\/v2\/users\/1"}],"replies":[{"embeddable":true,"href":"https:\/\/www.caririemacao.com\/1\/wp-json\/wp\/v2\/comments?post=175453"}],"version-history":[{"count":1,"href":"https:\/\/www.caririemacao.com\/1\/wp-json\/wp\/v2\/posts\/175453\/revisions"}],"predecessor-version":[{"id":175455,"href":"https:\/\/www.caririemacao.com\/1\/wp-json\/wp\/v2\/posts\/175453\/revisions\/175455"}],"wp:featuredmedia":[{"embeddable":true,"href":"https:\/\/www.caririemacao.com\/1\/wp-json\/wp\/v2\/media\/175454"}],"wp:attachment":[{"href":"https:\/\/www.caririemacao.com\/1\/wp-json\/wp\/v2\/media?parent=175453"}],"wp:term":[{"taxonomy":"category","embeddable":true,"href":"https:\/\/www.caririemacao.com\/1\/wp-json\/wp\/v2\/categories?post=175453"},{"taxonomy":"post_tag","embeddable":true,"href":"https:\/\/www.caririemacao.com\/1\/wp-json\/wp\/v2\/tags?post=175453"}],"curies":[{"name":"wp","href":"https:\/\/api.w.org\/{rel}","templated":true}]}}