{"id":175456,"date":"2020-06-23T03:00:25","date_gmt":"2020-06-23T06:00:25","guid":{"rendered":"https:\/\/www.caririemacao.com\/1\/?p=175456"},"modified":"2020-06-23T03:00:25","modified_gmt":"2020-06-23T06:00:25","slug":"governo-nao-tem-condicoes-de-manter-auxilio-emergencial-no-valor-de-r600-diz-bolsonaro","status":"publish","type":"post","link":"https:\/\/www.caririemacao.com\/1\/2020\/06\/23\/governo-nao-tem-condicoes-de-manter-auxilio-emergencial-no-valor-de-r600-diz-bolsonaro\/","title":{"rendered":"Governo n\u00e3o tem condi\u00e7\u00f5es de manter aux\u00edlio emergencial no valor de R$600, diz Bolsonaro"},"content":{"rendered":"\n<p>O presidente Jair Bolsonaro afirmou nesta segunda-feira que o governo vai negociar com a C\u00e2mara e com o Senado um novo valor para a quarta e a quinta parcelas do aux\u00edlio emergencial repassado pela Uni\u00e3o durante a pandemia do novo coronav\u00edrus, mas ressalvou que n\u00e3o tem como se bancar a manuten\u00e7\u00e3o da ajuda no valor atual de 600.<\/p>\n\n\n\n<p>\u201cUni\u00e3o n\u00e3o aguenta outro desse mesmo montante que por m\u00eas nos custa cerca de 50 bilh\u00f5es de reais. Se o pa\u00eds se endividar demais, vamos ter problema\u201d, disse o presidente, em entrevista ap\u00f3s evento de lan\u00e7amento do canal de TV Agromais, da Bandeirantes.<\/p>\n\n\n\n<p>\u201cVai ser negociado com a C\u00e2mara, presidente da C\u00e2mara, presidente do Senado, um valor um pouco mais baixo e prorrogar por mais dois meses talvez a gente suporte, mas n\u00e3o o valor cheio de 600 reais\u201d, completou.\u00a0 O presidente da C\u00e2mara, Rodrigo Maia (DEM-RJ), j\u00e1 defendeu publicamente a manuten\u00e7\u00e3o do valor de 600 reais nas futuras parcelas do aux\u00edlio emergencial.<\/p>\n\n\n\n<p>Com Serid\u00f3 360<\/p>\n","protected":false},"excerpt":{"rendered":"<p>O presidente Jair Bolsonaro afirmou nesta segunda-feira que o governo vai negociar com a C\u00e2mara e com o Senado um novo valor para a quarta&hellip; <\/p>\n","protected":false},"author":1,"featured_media":175457,"comment_status":"closed","ping_status":"closed","sticky":false,"template":"","format":"standard","meta":{"sfsi_plus_gutenberg_text_before_share":"","sfsi_plus_gutenberg_show_text_before_share":"","sfsi_plus_gutenberg_icon_type":"","sfsi_plus_gutenberg_icon_alignemt":"","sfsi_plus_gutenburg_max_per_row":"","footnotes":""},"categories":[11],"tags":[],"class_list":["post-175456","post","type-post","status-publish","format-standard","has-post-thumbnail","hentry","category-politica"],"_links":{"self":[{"href":"https:\/\/www.caririemacao.com\/1\/wp-json\/wp\/v2\/posts\/175456","targetHints":{"allow":["GET"]}}],"collection":[{"href":"https:\/\/www.caririemacao.com\/1\/wp-json\/wp\/v2\/posts"}],"about":[{"href":"https:\/\/www.caririemacao.com\/1\/wp-json\/wp\/v2\/types\/post"}],"author":[{"embeddable":true,"href":"https:\/\/www.caririemacao.com\/1\/wp-json\/wp\/v2\/users\/1"}],"replies":[{"embeddable":true,"href":"https:\/\/www.caririemacao.com\/1\/wp-json\/wp\/v2\/comments?post=175456"}],"version-history":[{"count":1,"href":"https:\/\/www.caririemacao.com\/1\/wp-json\/wp\/v2\/posts\/175456\/revisions"}],"predecessor-version":[{"id":175458,"href":"https:\/\/www.caririemacao.com\/1\/wp-json\/wp\/v2\/posts\/175456\/revisions\/175458"}],"wp:featuredmedia":[{"embeddable":true,"href":"https:\/\/www.caririemacao.com\/1\/wp-json\/wp\/v2\/media\/175457"}],"wp:attachment":[{"href":"https:\/\/www.caririemacao.com\/1\/wp-json\/wp\/v2\/media?parent=175456"}],"wp:term":[{"taxonomy":"category","embeddable":true,"href":"https:\/\/www.caririemacao.com\/1\/wp-json\/wp\/v2\/categories?post=175456"},{"taxonomy":"post_tag","embeddable":true,"href":"https:\/\/www.caririemacao.com\/1\/wp-json\/wp\/v2\/tags?post=175456"}],"curies":[{"name":"wp","href":"https:\/\/api.w.org\/{rel}","templated":true}]}}