{"id":175459,"date":"2020-06-23T06:16:39","date_gmt":"2020-06-23T09:16:39","guid":{"rendered":"https:\/\/www.caririemacao.com\/1\/?p=175459"},"modified":"2020-06-23T06:16:39","modified_gmt":"2020-06-23T09:16:39","slug":"brasil-chega-a-1-111-348-casos-de-covid-19-aponta-boletim-do-consorcio-de-veiculos-da-imprensa","status":"publish","type":"post","link":"https:\/\/www.caririemacao.com\/1\/2020\/06\/23\/brasil-chega-a-1-111-348-casos-de-covid-19-aponta-boletim-do-consorcio-de-veiculos-da-imprensa\/","title":{"rendered":"Brasil chega a 1.111.348 casos de Covid-19, aponta boletim do cons\u00f3rcio de ve\u00edculos da imprensa"},"content":{"rendered":"\n<h1 class=\"wp-block-heading\"><\/h1>\n\n\n\n<p>Com 24.358 novos casos de Covid-19, o Brasil fecha esta segunda-feira com 1.111.348 diagn\u00f3sticos positivos para a doen\u00e7a. Nas \u00faltimas 24 horas, foram notificadas 748 mortes em decorr\u00eancia do novo coronav\u00edrus, elevando para 51.407 o total de \u00f3bitos no pa\u00eds. As informa\u00e7\u00f5es que constam do boletim das 20h s\u00e3o do levantamento realizado por um cons\u00f3rcio de ve\u00edculos de imprensa formado por O GLOBO, Extra, Folha de S.Paulo, UOL e O Estado de S. Paulo. Tr\u00eas vezes ao dia, as informa\u00e7\u00f5es sobre casos e mortes causadas pelo novo coronav\u00edrus no Brasil s\u00e3o atualizadas com base nas informa\u00e7\u00f5es das secretarias estaduais de sa\u00fade.<\/p>\n\n\n\n<p>Pela primeira vez desde o in\u00edcio da epidemia de coronav\u00edrus em S\u00e3o Paulo, o&nbsp;interior do estado ultrapassou a capital no n\u00famero de casos da doen\u00e7a. O aumento contabiliza dados da \u00faltima semana, entre os dias 15 e 21 de junho. De acordo com o secret\u00e1rio de Desenvolvimento Regional de SP, Marco Vinholi, o interior registrou 14,5% a mais de casos do que a capital. No per\u00edodo citado, a capital paulista somou 15.342 casos de coronav\u00edrus.<\/p>\n\n\n\n<p>Nessa segunda-feira, o diretor-geral da Organiza\u00e7\u00e3o Mundial da Sa\u00fade (OMS), Tedros Adhanom Ghebreyesu, pediu o aumento da produ\u00e7\u00e3o mundial de dexametasona para enfrentar a Covid-19. De acordo com estudos preliminares da s\u00e9rie Recovery, conduzidos pela Universidade de Oxford, o tratamento com corticoides pode ajudar na recupera\u00e7\u00e3o de pacientes graves com a Covid-19. Segundo o ensaio cl\u00ednico brit\u00e2nico, o medicamento diminui em um ter\u00e7o o risco de \u00f3bito entre os internados com ventiladores mec\u00e2nicos.<\/p>\n\n\n\n<p>J\u00e1 o diretor executivo do Programa de Emerg\u00eancias em Sa\u00fade da OMS, Michael Ryan, voltou a demonstrar preocupa\u00e7\u00e3o com a evolu\u00e7\u00e3o da pandemia na Am\u00e9rica Latina, em especial, no Brasil: \u201d Houve um aumento de casos no Brasil nas \u00faltimas 24 horas. E o pa\u00eds deve ter mais casos que os relatados. Dessa perspectiva, o n\u00famero de casos reportados deve ter uma subnotifica\u00e7\u00e3o\u201d disse Ryan.<\/p>\n","protected":false},"excerpt":{"rendered":"<p>Com 24.358 novos casos de Covid-19, o Brasil fecha esta segunda-feira com 1.111.348 diagn\u00f3sticos positivos para a doen\u00e7a. Nas \u00faltimas 24 horas, foram notificadas 748&hellip; <\/p>\n","protected":false},"author":2,"featured_media":175460,"comment_status":"closed","ping_status":"closed","sticky":false,"template":"","format":"standard","meta":{"sfsi_plus_gutenberg_text_before_share":"","sfsi_plus_gutenberg_show_text_before_share":"","sfsi_plus_gutenberg_icon_type":"","sfsi_plus_gutenberg_icon_alignemt":"","sfsi_plus_gutenburg_max_per_row":"","footnotes":""},"categories":[2],"tags":[],"class_list":["post-175459","post","type-post","status-publish","format-standard","has-post-thumbnail","hentry","category-geral"],"_links":{"self":[{"href":"https:\/\/www.caririemacao.com\/1\/wp-json\/wp\/v2\/posts\/175459","targetHints":{"allow":["GET"]}}],"collection":[{"href":"https:\/\/www.caririemacao.com\/1\/wp-json\/wp\/v2\/posts"}],"about":[{"href":"https:\/\/www.caririemacao.com\/1\/wp-json\/wp\/v2\/types\/post"}],"author":[{"embeddable":true,"href":"https:\/\/www.caririemacao.com\/1\/wp-json\/wp\/v2\/users\/2"}],"replies":[{"embeddable":true,"href":"https:\/\/www.caririemacao.com\/1\/wp-json\/wp\/v2\/comments?post=175459"}],"version-history":[{"count":1,"href":"https:\/\/www.caririemacao.com\/1\/wp-json\/wp\/v2\/posts\/175459\/revisions"}],"predecessor-version":[{"id":175461,"href":"https:\/\/www.caririemacao.com\/1\/wp-json\/wp\/v2\/posts\/175459\/revisions\/175461"}],"wp:featuredmedia":[{"embeddable":true,"href":"https:\/\/www.caririemacao.com\/1\/wp-json\/wp\/v2\/media\/175460"}],"wp:attachment":[{"href":"https:\/\/www.caririemacao.com\/1\/wp-json\/wp\/v2\/media?parent=175459"}],"wp:term":[{"taxonomy":"category","embeddable":true,"href":"https:\/\/www.caririemacao.com\/1\/wp-json\/wp\/v2\/categories?post=175459"},{"taxonomy":"post_tag","embeddable":true,"href":"https:\/\/www.caririemacao.com\/1\/wp-json\/wp\/v2\/tags?post=175459"}],"curies":[{"name":"wp","href":"https:\/\/api.w.org\/{rel}","templated":true}]}}