{"id":175467,"date":"2020-06-23T06:24:05","date_gmt":"2020-06-23T09:24:05","guid":{"rendered":"https:\/\/www.caririemacao.com\/1\/?p=175467"},"modified":"2020-06-23T06:24:05","modified_gmt":"2020-06-23T09:24:05","slug":"confira-o-numero-de-novos-casos-de-covid-19-na-paraiba-nas-ultimas-24-horas","status":"publish","type":"post","link":"https:\/\/www.caririemacao.com\/1\/2020\/06\/23\/confira-o-numero-de-novos-casos-de-covid-19-na-paraiba-nas-ultimas-24-horas\/","title":{"rendered":"Confira o n\u00famero de novos casos de Covid-19 na Para\u00edba nas \u00faltimas 24 horas"},"content":{"rendered":"\n<h1 class=\"wp-block-heading\"><\/h1>\n\n\n\n<p>Nesta segunda, 22 de junho, a Para\u00edba registrou 469 novos casos de Covid-19 e 18 \u00f3bitos confirmados desde a \u00faltima atualiza\u00e7\u00e3o, 02 deles ocorridos nas \u00faltimas 24h.<\/p>\n\n\n\n<p>Conforme Secretaria de Estado da Sa\u00fade (SES), s\u00e3o 37.253 pessoas que j\u00e1 contra\u00edram a doen\u00e7a, 10.335 que j\u00e1 se recuperaram e 784 faleceram.<\/p>\n\n\n\n<p>At\u00e9 o momento, 106.650 testes para diagn\u00f3stico da Covid-19 j\u00e1 foram realizados.<\/p>\n\n\n\n<p>A ocupa\u00e7\u00e3o total de leitos de UTI (adulto, pedi\u00e1trico e obst\u00e9trico) em todo o Estado \u00e9 de 61%.<\/p>\n\n\n\n<p>Fazendo um recorte apenas dos leitos de UTI para adultos na Regi\u00e3o Metropolitana de Jo\u00e3o Pessoa, a taxa de ocupa\u00e7\u00e3o chega a 64%.<\/p>\n\n\n\n<p>Em Campina Grande, est\u00e3o ocupados 59% dos leitos de UTI adulto e no Sert\u00e3o, 51%.<\/p>\n\n\n\n<p>O \u00edndice de isolamento social foi de apenas 45,09%, considerado baixo em rela\u00e7\u00e3o \u00e0 meta de 70% e \u00e0 m\u00ednima de 50%.<\/p>\n\n\n\n<p>Os casos confirmados est\u00e3o distribu\u00eddos por 215 dos 223 munic\u00edpios paraibanos:<\/p>\n\n\n\n<p>\u00c1gua Branca (17); Aguiar (11); Alagoa Grande (292); Alagoa Nova (133); Alagoinha (296); Alcantil (10); Algod\u00e3o de Janda\u00edra (2); Alhandra (276); Amparo (12); Aparecida (19); Ara\u00e7agi (157); Arara (61); Araruna (34); Areia (119); Areia de Bara\u00fanas (1); Areial (22); Aroeiras (67); Assun\u00e7\u00e3o (20); Baia da Trai\u00e7\u00e3o (126); Bananeiras (66); Bara\u00fana (91); Barra de Santa Rosa (15); Barra de Santana (42); Barra de S\u00e3o Miguel (6); Bayeux (732); Bel\u00e9m (160); Bel\u00e9m do Brejo do Cruz (6); Bernardino Batista (2); Boa Ventura (2); Boa Vista (48); Bom Jesus (3); Bom Sucesso (5); Bonito de Santa F\u00e9 (2); Boqueir\u00e3o (78); Borborema (3); Brejo do Cruz (55); Brejo dos Santos (4);<\/p>\n\n\n\n<p>Caapor\u00e3 (686); Cabaceiras (9);&nbsp;<strong>Cabedelo (1561)<\/strong>; Cachoeira dos \u00cdndios (37); Cacimba de Areia (7); Cacimba de Dentro (40); Cacimbas (28); Cai\u00e7ara (100); Cajazeiras (355); Cajazeirinhas (1); Caldas Brand\u00e3o (44); Camala\u00fa (1);&nbsp;<strong>Campina Grande (5557)<\/strong>; Capim (90); Cara\u00fabas (5); Carrapateira (1); Casserengue (87); Catingueira (10), Catol\u00e9 do Rocha (111); Caturit\u00e9 (40); Concei\u00e7\u00e3o (6); Condado (57); Conde (266); Congo (18); Coremas (25); Coxixola (8); Cruz do Esp\u00edrito Santo (166); Cubati (32); Cuit\u00e9 (60); Cuit\u00e9 de Mamanguape (32); Cuiteg\u00ed (87); Curral de Cima (15); Curral Velho (1), Dami\u00e3o (2); Desterro (25); Diamante (2); Dona In\u00eas (6); Duas Estradas (38); Emas (2); Esperan\u00e7a (195); Fagundes (33); Frei Martinho (1); Gado Bravo (52);&nbsp;<strong>Guarabira (1717)<\/strong>; Gurinh\u00e9m (111); Gurj\u00e3o (18); Ibiara (5); Igaracy (2); Imaculada (11); Ing\u00e1 (240); Itabaiana (466); Itaporanga (18); Itapororoca (118); Itatuba (105); Jacara\u00fa (79); Jeric\u00f3 (3);&nbsp;<strong>Jo\u00e3o Pessoa (10581)<\/strong>; Joca Claudino (1); Juarez T\u00e1vora (85); Juazeirinho (88); Junco do Serid\u00f3 (16); Juripiranga (249); Juru (9); Lagoa (3); Lagoa de Dentro (24); Lagoa Seca (312); Lastro (11); Livramento (14); Logradouro (24); Lucena (142);<\/p>\n\n\n\n<p>M\u00e3e d\u2019\u00c1gua (9); Malta (19); Mamanguape (885); Mana\u00edra (6); Marca\u00e7\u00e3o (18); Mari (282); Mariz\u00f3polis (5); Massaranduba (108); Mataraca (73); Matinhas (32); Mato Grosso (6); Matureia (18); Mogeiro (54); Montadas (28); Monteiro (59); Mulungu (103); Natuba (29); Nazarezinho (4); Nova Floresta (9), Nova Olinda (5); Nova Palmeira (20); Olho D\u00b4\u00c1gua (25); Olivedos (21); Parari (4); Passagem (20);&nbsp;<strong>Patos (1059)<\/strong>; Paulista (54); Pedra Lavrada (17); Pedras de Fogo (765); Pedro R\u00e9gis (9); Pianc\u00f3 (37); Picu\u00ed (61); Pilar (100); Pil\u00f5es (32); Pil\u00f5ezinhos (111); Pirpirituba (56); Pitimbu (385); Pocinhos (36); Pombal (108); Princesa Isabel (33); Puxinan\u00e3 (129); Queimadas (352); Quixaba (23); Rem\u00edgio (129); Riach\u00e3o (17); Riach\u00e3o do Bacamarte (161); Riach\u00e3o do Po\u00e7o (21); Riacho de Santo Ant\u00f4nio (7); Riacho dos Cavalos (3); Rio Tinto (286); Salgadinho (9); Salgado de S\u00e3o Felix (75); Santa Cec\u00edlia (13); Santa Cruz (6); Santa Helena (8); Santa In\u00eas (5); Santa Luzia (145); Santa Rita (1124); Santa Terezinha (25); Santana de Mangueira (1); Santana dos Garrotes (2); Santo Andr\u00e9 (1); S\u00e3o Bentinho (16); S\u00e3o Bento (479); S\u00e3o Domingos do Cariri (2);<\/p>\n\n\n\n<p>S\u00e3o Francisco (8); S\u00e3o Jo\u00e3o do Cariri (21); S\u00e3o Jo\u00e3o do Rio do Peixe (30); S\u00e3o Jo\u00e3o do Tigre (3); S\u00e3o Jos\u00e9 da Lagoa Tapada (17); S\u00e3o Jos\u00e9 de Caiana (22); S\u00e3o Jos\u00e9 de Espinharas (5); S\u00e3o Jos\u00e9 de Piranhas (23); S\u00e3o Jos\u00e9 do Bonfim (44); S\u00e3o Jos\u00e9 do Brejo do Cruz (2); S\u00e3o Jos\u00e9 do Sabugi (133); S\u00e3o Jos\u00e9 dos Cordeiros (3); S\u00e3o Jos\u00e9 dos Ramos (58); S\u00e3o Mamede (24); S\u00e3o Miguel de Taipu (66); S\u00e3o Sebasti\u00e3o de Lagoa de Ro\u00e7a (100); S\u00e3o Sebasti\u00e3o do Umbuzeiro (4); S\u00e3o Vicente do Serid\u00f3 (18); Sap\u00e9 (422); Serra Branca (20); Serra da Ra\u00edz (12); Serra Grande (3); Serra Redonda (101); Serraria (22); Sert\u00e3ozinho (30); Sobrado (63); Sol\u00e2nea (133); Soledade (68); Sossego (4), Sousa (433); Sum\u00e9 (31); Tacima (47); Tapero\u00e1 (40); Tavares (25); Teixeira (47); Ten\u00f3rio (11); Triunfo (1); Uira\u00fana (16); Umbuzeiro (26); V\u00e1rzea (6); Vieir\u00f3polis (4); Vista Serrana (3), Zabel\u00ea (1).<\/p>\n\n\n\n<p>18 \u00f3bitos foram registrados, dois deles ocorrido nas \u00faltimas 24h.<\/p>\n\n\n\n<p>Homem, 44 anos, residente de Bananeiras. Diab\u00e9tico e hipertenso. In\u00edcio dos sintomas em 08\/06. Foi a \u00f3bito em hospital p\u00fablico em 21\/06.<\/p>\n\n\n\n<p>Mulher, 91 anos, residente de Bayeux. Sem comorbidade. In\u00edcio dos sintomas em 10\/05, foi a \u00f3bito em hospital p\u00fablico no dia 16\/06.<\/p>\n\n\n\n<p>Homem, 84 anos, residente em Cajazeiras. Cardiopata. In\u00edcio dos sintomas em 01\/06, foi a \u00f3bito em hospital p\u00fablico no dia 21\/06.<\/p>\n\n\n\n<p>Homem, 74 anos, residente em Campina Grande. Sem comorbidade. In\u00edcio dos sintomas em 06\/06, foi a \u00f3bito em hospital p\u00fablico no dia 15\/05.<\/p>\n\n\n\n<p>Mulher, 65 anos, residente em Campina Grande. Hipertensa. In\u00edcio dos sintomas em 11\/05, foi a \u00f3bito em hospital p\u00fablico no dia 30\/05.<\/p>\n\n\n\n<p>Mulher, 76 anos, residente em Campina Grande. Cardiopata. In\u00edcio dos sintomas em 14\/05, foi a \u00f3bito em hospital p\u00fablico no dia 26\/05.<\/p>\n\n\n\n<p>Mulher, 68 anos, residente em Campina Grande. Hipertenso e obesa. In\u00edcio dos sintomas em 31\/05, foi a \u00f3bito em hospital p\u00fablico no dia 20\/06.<\/p>\n\n\n\n<p>Mulher, 84 anos, residente em Campina Grande. Hipertensa. In\u00edcio dos sintomas em 15\/05, foi a \u00f3bito em hospital p\u00fablico no dia 05\/06.<\/p>\n\n\n\n<p>Mulher, 94 anos, residente em Campina Grande. Hipertensa. In\u00edcio dos sintomas em 21\/05, foi a \u00f3bito em hospital privado no dia 05\/06.<\/p>\n\n\n\n<p>Homem, 69 anos, residente em Jo\u00e3o Pessoa. Apresentava sequelas de AVC e era portador de dem\u00eancia. In\u00edcio dos sintomas em 02\/06, foi a \u00f3bito em hospital p\u00fablico em 19\/06.<\/p>\n\n\n\n<p>Mulher, 80 anos, residente em Jo\u00e3o Pessoa. Portadora de doen\u00e7a neurol\u00f3gica. In\u00edcio dos sintomas em 13\/06, foi a \u00f3bito em casa no dia 06\/06.<\/p>\n\n\n\n<p>Homem, 84 anos, morador de Guarabira. Hipertenso e portador de doen\u00e7a respirat\u00f3ria. In\u00edcio dos sintomas em 09\/05, foi a \u00f3bito em casa dia 04\/06.<\/p>\n\n\n\n<p>Mulher, 82 anos, moradora de Jo\u00e3o Pessoa. Apresentava infec\u00e7\u00e3o no trato urin\u00e1rio. In\u00edcio dos sintomas em 29\/05, foi a \u00f3bito em hospital p\u00fablico no dia 05\/06.<\/p>\n\n\n\n<p>Mulher, 55 anos, residente em Jo\u00e3o Pessoa. Sem comorbidade. In\u00edcio dos sintomas em 01\/06, foi a \u00f3bito em casa no dia 09\/06.<\/p>\n\n\n\n<p>Mulher, 82 anos, residente em Jo\u00e3o Pessoa. Diab\u00e9tica. In\u00edcio dos sintomas em 02\/05, foi a \u00f3bito em hospital p\u00fablico no dia 18\/05.<\/p>\n\n\n\n<p>Mulher, 56 anos, residente em Mataraca. Diab\u00e9tica. In\u00edcio dos sintomas em 24\/05, foi a \u00f3bito em hospital p\u00fablico no dia 09\/06.<\/p>\n\n\n\n<p>Mulher, 72 anos, residente em Puxinan\u00e3. Sem comorbidade. In\u00edcio dos sintomas em 22\/05, foi a \u00f3bito em hospital p\u00fablico em 30\/05.<\/p>\n\n\n\n<p>Mulher, 80 anos, residente em Santa Rita. Sem comorbidade. In\u00edcio dos sintomas em 10\/06, foi a \u00f3bito em hospital p\u00fablico no dia 19\/06<\/p>\n\n\n\n<p>Os dados epidemiol\u00f3gicos e de ocupa\u00e7\u00e3o de leitos est\u00e3o dispon\u00edveis em www.paraiba.pb.gov.br\/coronavirus<\/p>\n","protected":false},"excerpt":{"rendered":"<p>Nesta segunda, 22 de junho, a Para\u00edba registrou 469 novos casos de Covid-19 e 18 \u00f3bitos confirmados desde a \u00faltima atualiza\u00e7\u00e3o, 02 deles ocorridos nas&hellip; <\/p>\n","protected":false},"author":2,"featured_media":175468,"comment_status":"closed","ping_status":"closed","sticky":false,"template":"","format":"standard","meta":{"sfsi_plus_gutenberg_text_before_share":"","sfsi_plus_gutenberg_show_text_before_share":"","sfsi_plus_gutenberg_icon_type":"","sfsi_plus_gutenberg_icon_alignemt":"","sfsi_plus_gutenburg_max_per_row":"","footnotes":""},"categories":[2],"tags":[],"class_list":["post-175467","post","type-post","status-publish","format-standard","has-post-thumbnail","hentry","category-geral"],"_links":{"self":[{"href":"https:\/\/www.caririemacao.com\/1\/wp-json\/wp\/v2\/posts\/175467","targetHints":{"allow":["GET"]}}],"collection":[{"href":"https:\/\/www.caririemacao.com\/1\/wp-json\/wp\/v2\/posts"}],"about":[{"href":"https:\/\/www.caririemacao.com\/1\/wp-json\/wp\/v2\/types\/post"}],"author":[{"embeddable":true,"href":"https:\/\/www.caririemacao.com\/1\/wp-json\/wp\/v2\/users\/2"}],"replies":[{"embeddable":true,"href":"https:\/\/www.caririemacao.com\/1\/wp-json\/wp\/v2\/comments?post=175467"}],"version-history":[{"count":1,"href":"https:\/\/www.caririemacao.com\/1\/wp-json\/wp\/v2\/posts\/175467\/revisions"}],"predecessor-version":[{"id":175469,"href":"https:\/\/www.caririemacao.com\/1\/wp-json\/wp\/v2\/posts\/175467\/revisions\/175469"}],"wp:featuredmedia":[{"embeddable":true,"href":"https:\/\/www.caririemacao.com\/1\/wp-json\/wp\/v2\/media\/175468"}],"wp:attachment":[{"href":"https:\/\/www.caririemacao.com\/1\/wp-json\/wp\/v2\/media?parent=175467"}],"wp:term":[{"taxonomy":"category","embeddable":true,"href":"https:\/\/www.caririemacao.com\/1\/wp-json\/wp\/v2\/categories?post=175467"},{"taxonomy":"post_tag","embeddable":true,"href":"https:\/\/www.caririemacao.com\/1\/wp-json\/wp\/v2\/tags?post=175467"}],"curies":[{"name":"wp","href":"https:\/\/api.w.org\/{rel}","templated":true}]}}