{"id":175471,"date":"2020-06-23T06:31:58","date_gmt":"2020-06-23T09:31:58","guid":{"rendered":"https:\/\/www.caririemacao.com\/1\/?p=175471"},"modified":"2020-06-23T06:31:58","modified_gmt":"2020-06-23T09:31:58","slug":"paraiba-recebe-respiradores-que-foram-retidos-pelo-ministerio-da-saude","status":"publish","type":"post","link":"https:\/\/www.caririemacao.com\/1\/2020\/06\/23\/paraiba-recebe-respiradores-que-foram-retidos-pelo-ministerio-da-saude\/","title":{"rendered":"Para\u00edba recebe respiradores que foram retidos pelo Minist\u00e9rio da Sa\u00fade"},"content":{"rendered":"\n<h1 class=\"wp-block-heading\"><\/h1>\n\n\n\n<p>O Governo da Para\u00edba recebeu, nesta segunda-feira (22), os 84 ventiladores pulmonares adquiridos pela Secretaria de Estado da Sa\u00fade para amplia\u00e7\u00e3o de leitos de UTI para as v\u00edtimas do Covid-19 e que estavam retidos pelo Minist\u00e9rio da Sa\u00fade desde o m\u00eas de mar\u00e7o.<\/p>\n\n\n\n<p>Desta forma, a Para\u00edba poder\u00e1 concluir todo o plano de expans\u00e3o de leitos previsto no Plano Estadual de Conting\u00eancia para o Covid-19.<\/p>\n\n\n\n<p>Foram investidos R$ 4,3 milh\u00f5es na compra dos equipamentos, por\u00e9m foram requisitados de forma administrativa pelo Minist\u00e9rio da Sa\u00fade, para atender aos estados em situa\u00e7\u00e3o cr\u00edtica e s\u00f3 ap\u00f3s a\u00e7\u00e3o do Minist\u00e9rio P\u00fablico Federal foi determinada a entrega para o Governo da Para\u00edba.<\/p>\n\n\n\n<p>\u201cN\u00f3s fizemos a compra e a Justi\u00e7a determinou, por meio de uma a\u00e7\u00e3o dos Minist\u00e9rios P\u00fablicos Federal e Estadual, que a empresa fizesse a entrega. Os 84 respiradores dar\u00e3o um al\u00edvio extraordin\u00e1rio para toda a rede hospitalar porque vamos praticamente fechar o nosso Plano de Conting\u00eancia, fazendo com que o percentual de ocupa\u00e7\u00e3o dos leitos de UTI caia ainda mais, oferecendo mais seguran\u00e7a \u00e0 popula\u00e7\u00e3o\u201d, destacou o governador Jo\u00e3o Azev\u00eado.<\/p>\n\n\n\n<div class=\"wp-block-image\"><figure class=\"aligncenter\"><img decoding=\"async\" data-src=\"https:\/\/paraibaonline.com.br\/wp-content\/uploads\/2020\/06\/Respiradores-Governo-PB-2-556x417.jpg\" alt=\"Foto: Secom \/JP\" class=\"wp-image-909368 lazyload\" title=\"Para\u00edba Online \u2022 Para\u00edba recebe respiradores que foram retidos pelo Minist\u00e9rio da Sa\u00fade\" src=\"data:image\/svg+xml;base64,PHN2ZyB3aWR0aD0iMSIgaGVpZ2h0PSIxIiB4bWxucz0iaHR0cDovL3d3dy53My5vcmcvMjAwMC9zdmciPjwvc3ZnPg==\" style=\"--smush-placeholder-width: 556px; --smush-placeholder-aspect-ratio: 556\/417;\" \/><\/figure><\/div>\n\n\n\n<p>&nbsp; &nbsp; &nbsp; &nbsp; &nbsp; &nbsp; &nbsp; &nbsp; &nbsp; &nbsp; &nbsp; &nbsp; &nbsp; Foto: Secom \/JP<\/p>\n\n\n\n<p>O secret\u00e1rio estadual de sa\u00fade, Geraldo Medeiros, destacou que \u201cnenhum paciente paraibano ficou em lista de espera aguardando leito de UTI. Isso demonstra a efici\u00eancia do plano de conting\u00eancia, criado ainda no fim de janeiro, nos primeiros ind\u00edcios que a pandemia atingiria o nosso estado\u201d.<\/p>\n\n\n\n<p>O Plano Estadual de Conting\u00eancia para o Covid-19 prev\u00ea a cria\u00e7\u00e3o de 425 leitos de UTI em hospitais de gest\u00e3o estadual, municipal e federal.<\/p>\n","protected":false},"excerpt":{"rendered":"<p>O Governo da Para\u00edba recebeu, nesta segunda-feira (22), os 84 ventiladores pulmonares adquiridos pela Secretaria de Estado da Sa\u00fade para amplia\u00e7\u00e3o de leitos de UTI&hellip; <\/p>\n","protected":false},"author":2,"featured_media":175472,"comment_status":"closed","ping_status":"closed","sticky":false,"template":"","format":"standard","meta":{"sfsi_plus_gutenberg_text_before_share":"","sfsi_plus_gutenberg_show_text_before_share":"","sfsi_plus_gutenberg_icon_type":"","sfsi_plus_gutenberg_icon_alignemt":"","sfsi_plus_gutenburg_max_per_row":"","footnotes":""},"categories":[2],"tags":[],"class_list":["post-175471","post","type-post","status-publish","format-standard","has-post-thumbnail","hentry","category-geral"],"_links":{"self":[{"href":"https:\/\/www.caririemacao.com\/1\/wp-json\/wp\/v2\/posts\/175471","targetHints":{"allow":["GET"]}}],"collection":[{"href":"https:\/\/www.caririemacao.com\/1\/wp-json\/wp\/v2\/posts"}],"about":[{"href":"https:\/\/www.caririemacao.com\/1\/wp-json\/wp\/v2\/types\/post"}],"author":[{"embeddable":true,"href":"https:\/\/www.caririemacao.com\/1\/wp-json\/wp\/v2\/users\/2"}],"replies":[{"embeddable":true,"href":"https:\/\/www.caririemacao.com\/1\/wp-json\/wp\/v2\/comments?post=175471"}],"version-history":[{"count":1,"href":"https:\/\/www.caririemacao.com\/1\/wp-json\/wp\/v2\/posts\/175471\/revisions"}],"predecessor-version":[{"id":175473,"href":"https:\/\/www.caririemacao.com\/1\/wp-json\/wp\/v2\/posts\/175471\/revisions\/175473"}],"wp:featuredmedia":[{"embeddable":true,"href":"https:\/\/www.caririemacao.com\/1\/wp-json\/wp\/v2\/media\/175472"}],"wp:attachment":[{"href":"https:\/\/www.caririemacao.com\/1\/wp-json\/wp\/v2\/media?parent=175471"}],"wp:term":[{"taxonomy":"category","embeddable":true,"href":"https:\/\/www.caririemacao.com\/1\/wp-json\/wp\/v2\/categories?post=175471"},{"taxonomy":"post_tag","embeddable":true,"href":"https:\/\/www.caririemacao.com\/1\/wp-json\/wp\/v2\/tags?post=175471"}],"curies":[{"name":"wp","href":"https:\/\/api.w.org\/{rel}","templated":true}]}}