{"id":175477,"date":"2020-06-23T06:38:23","date_gmt":"2020-06-23T09:38:23","guid":{"rendered":"https:\/\/www.caririemacao.com\/1\/?p=175477"},"modified":"2020-06-23T09:42:06","modified_gmt":"2020-06-23T12:42:06","slug":"celulas-tronco-e-usada-no-tratamento-de-pacientes-com-a-covid-19","status":"publish","type":"post","link":"https:\/\/www.caririemacao.com\/1\/2020\/06\/23\/celulas-tronco-e-usada-no-tratamento-de-pacientes-com-a-covid-19\/","title":{"rendered":"C\u00e9lulas-tronco \u00e9 usada no tratamento de pacientes com a covid-19."},"content":{"rendered":"\n<p>Hospital de Cl\u00ednicas da Universidade Federal do Paran\u00e1 (CHC-UFPR) e do Instituto Carlos Chagas da Funda\u00e7\u00e3o Instituto Oswaldo Cruz (ICC\/FiocruzParan\u00e1) iniciaram uma pesquisa pioneira que usa c\u00e9lulas tronco para tratamento para pacientes com a covid-19<\/p>\n\n\n\n<p>O coordenador do N\u00facleo de Tecnologia Celular da PUCPR, Paulo Brofman, um dos l\u00edderes do projeto, disse hoje (22), em entrevista \u00e0 Ag\u00eancia Brasil, que a doen\u00e7a se apresenta de maneira muito diversificada nos pacientes, envolvendo desde sintomas leves at\u00e9 situa\u00e7\u00e3o pulmonar bastante grave, que leva \u00e0 necessidade de intuba\u00e7\u00e3o e apoio de pr\u00f3tese artificial ou de respirador.<\/p>\n\n\n\n<p>\u201cUm grande problema desses pacientes que evoluem de maneira mais grave \u00e9 que ocorre uma altera\u00e7\u00e3o que a gente chama de \u201ctempestade de citocinas\u201d e leva a uma inflama\u00e7\u00e3o respirat\u00f3ria muito grande que vai ocupar boa parte da estrutura pulmonar, fazendo com que a \u00e1rea de troca do CO2 pelo oxig\u00eanio diminua muito\u201d, explicou Brofman.<\/p>\n\n\n\n<p>O N\u00facleo de Tecnologia Celular da PUCPR j\u00e1 tem vasta experi\u00eancia com o uso de c\u00e9lulas tronco mesenquimais (CTMs), derivadas do tecido do cord\u00e3o umbilical (TCU), para doen\u00e7as pulmonares, desde pesquisa b\u00e1sica, pesquisa cl\u00ednica e at\u00e9 em pesquisa cl\u00ednica experimental.<img decoding=\"async\" data-src=\"https:\/\/paraibaonline.com.br\/wp-content\/uploads\/2020\/06\/vt_zyka_genoma_sequenciado-CORONAVIRUS.jpg\" alt=\"Foto: TV Brasil\" data-srcset=\"https:\/\/paraibaonline.com.br\/wp-content\/uploads\/2020\/06\/vt_zyka_genoma_sequenciado-CORONAVIRUS.jpg 1170w, https:\/\/paraibaonline.com.br\/wp-content\/uploads\/2020\/06\/vt_zyka_genoma_sequenciado-CORONAVIRUS-567x339.jpg 567w, https:\/\/paraibaonline.com.br\/wp-content\/uploads\/2020\/06\/vt_zyka_genoma_sequenciado-CORONAVIRUS-900x538.jpg 900w\" src=\"data:image\/svg+xml;base64,PHN2ZyB3aWR0aD0iMSIgaGVpZ2h0PSIxIiB4bWxucz0iaHR0cDovL3d3dy53My5vcmcvMjAwMC9zdmciPjwvc3ZnPg==\" class=\"lazyload\"><\/p>\n\n\n\n<p>Foto: TV Brasil<\/p>\n\n\n\n<p>\u201cE elas se mostraram muito pr\u00f3prias para isso, porque t\u00eam uma importante a\u00e7\u00e3o anti-inflamat\u00f3ria. Isso vai fazer com que a diminui\u00e7\u00e3o dessa carga viral de citocinas que est\u00e3o produzindo essa rea\u00e7\u00e3o inflamat\u00f3ria diminua de maneira significativa, fazendo com que as c\u00e9lulas que possam ir ao pulm\u00e3o e complicar a situa\u00e7\u00e3o dele, n\u00e3o fa\u00e7am esse caminho\u201d, disse Paulo Brofman acrescentando que a expectativa \u00e9 muito promissora, no sentido de tratar os pacientes j\u00e1 gravemente comprometidos.<\/p>\n","protected":false},"excerpt":{"rendered":"<p>Hospital de Cl\u00ednicas da Universidade Federal do Paran\u00e1 (CHC-UFPR) e do Instituto Carlos Chagas da Funda\u00e7\u00e3o Instituto Oswaldo Cruz (ICC\/FiocruzParan\u00e1) iniciaram uma pesquisa pioneira que&hellip; <\/p>\n","protected":false},"author":2,"featured_media":172821,"comment_status":"closed","ping_status":"closed","sticky":false,"template":"","format":"standard","meta":{"sfsi_plus_gutenberg_text_before_share":"","sfsi_plus_gutenberg_show_text_before_share":"","sfsi_plus_gutenberg_icon_type":"","sfsi_plus_gutenberg_icon_alignemt":"","sfsi_plus_gutenburg_max_per_row":"","footnotes":""},"categories":[2],"tags":[],"class_list":["post-175477","post","type-post","status-publish","format-standard","has-post-thumbnail","hentry","category-geral"],"_links":{"self":[{"href":"https:\/\/www.caririemacao.com\/1\/wp-json\/wp\/v2\/posts\/175477","targetHints":{"allow":["GET"]}}],"collection":[{"href":"https:\/\/www.caririemacao.com\/1\/wp-json\/wp\/v2\/posts"}],"about":[{"href":"https:\/\/www.caririemacao.com\/1\/wp-json\/wp\/v2\/types\/post"}],"author":[{"embeddable":true,"href":"https:\/\/www.caririemacao.com\/1\/wp-json\/wp\/v2\/users\/2"}],"replies":[{"embeddable":true,"href":"https:\/\/www.caririemacao.com\/1\/wp-json\/wp\/v2\/comments?post=175477"}],"version-history":[{"count":2,"href":"https:\/\/www.caririemacao.com\/1\/wp-json\/wp\/v2\/posts\/175477\/revisions"}],"predecessor-version":[{"id":175571,"href":"https:\/\/www.caririemacao.com\/1\/wp-json\/wp\/v2\/posts\/175477\/revisions\/175571"}],"wp:featuredmedia":[{"embeddable":true,"href":"https:\/\/www.caririemacao.com\/1\/wp-json\/wp\/v2\/media\/172821"}],"wp:attachment":[{"href":"https:\/\/www.caririemacao.com\/1\/wp-json\/wp\/v2\/media?parent=175477"}],"wp:term":[{"taxonomy":"category","embeddable":true,"href":"https:\/\/www.caririemacao.com\/1\/wp-json\/wp\/v2\/categories?post=175477"},{"taxonomy":"post_tag","embeddable":true,"href":"https:\/\/www.caririemacao.com\/1\/wp-json\/wp\/v2\/tags?post=175477"}],"curies":[{"name":"wp","href":"https:\/\/api.w.org\/{rel}","templated":true}]}}