{"id":175493,"date":"2020-06-23T06:54:13","date_gmt":"2020-06-23T09:54:13","guid":{"rendered":"https:\/\/www.caririemacao.com\/1\/?p=175493"},"modified":"2020-06-23T06:54:13","modified_gmt":"2020-06-23T09:54:13","slug":"campina-grande-e-a-cidade-com-maior-poder-de-propagacao-do-coronavirus-afirma-secretario-estadual","status":"publish","type":"post","link":"https:\/\/www.caririemacao.com\/1\/2020\/06\/23\/campina-grande-e-a-cidade-com-maior-poder-de-propagacao-do-coronavirus-afirma-secretario-estadual\/","title":{"rendered":"Campina Grande \u00e9 a cidade com maior poder de propaga\u00e7\u00e3o do coronav\u00edrus, afirma secret\u00e1rio estadual"},"content":{"rendered":"\n<h1 class=\"wp-block-heading\"><\/h1>\n\n\n\n<p>O Minist\u00e9rio P\u00fablico da Para\u00edba (MPPB) est\u00e1 de olho nos munic\u00edpios que n\u00e3o est\u00e3o cumprindo o alerta das bandeiras determinadas pelo decreto do governo do Estado, em rela\u00e7\u00e3o ao que deve e o que n\u00e3o deve ser flexibilizado pelos prefeitos como forma de conter a contamina\u00e7\u00e3o do coronav\u00edrus.<\/p>\n\n\n\n<p>Um dos munic\u00edpios advertido \u00e9 Campina Grande, al\u00e9m de Patos e Guarabira.<\/p>\n\n\n\n<p>O secret\u00e1rio de Sa\u00fade do Estado, Geraldo Medeiros informou que a maioria dos prefeitos tem seguido as orienta\u00e7\u00f5es da Secretaria Estadual de Sa\u00fade, mas em algumas cidades os gestores, desde o in\u00edcio, n\u00e3o seguem as determina\u00e7\u00f5es e hoje s\u00e3o as que t\u00eam maior R, ou seja, com poder de propaga\u00e7\u00e3o e transmissibilidade do coronav\u00edrus.<\/p>\n\n\n\n<p>\u201cCampina Grande hoje \u00e9 a cidade de maior poder de propaga\u00e7\u00e3o do v\u00edrus, infelizmente, e n\u00f3s teremos, ao longo de 15 dias, um aumento substancial no n\u00famero de casos novos confirmados e de mortes\u201d, disse.<\/p>\n\n\n\n<p>Em rela\u00e7\u00e3o \u00e0 regi\u00e3o de Jo\u00e3o Pessoa, o secret\u00e1rio afirmou que esta \u00e1rea dever\u00e1 passar por um decr\u00e9scimo no n\u00famero de casos, mas poder\u00e1 voltar a crescer se a popula\u00e7\u00e3o n\u00e3o obedecer as regras de isolamento e de higiene, que precisam ser cont\u00ednuas.<\/p>\n\n\n\n<p>\u201c\u00c9 preciso que as pessoas entendam que essa pandemia ocorre no pa\u00eds inteiro e no Estado em ondas alternantes nos munic\u00edpios. Elas n\u00e3o ocorrem simultaneamente\u201d, disse acrescentando que este fato j\u00e1 aconteceu na Grande Jo\u00e3o Pessoa, que foi o centro da pandemia por v\u00e1rias semanas e depois o v\u00edrus se alastrou pelo interior do Estado.<\/p>\n\n\n\n<p>Segundo ele, na regi\u00e3o metropolitana, principalmente na Capital, h\u00e1 uma tend\u00eancia de estabiliza\u00e7\u00e3o e, brevemente, haver\u00e1 um decr\u00e9scimo no n\u00famero de casos, porque j\u00e1 atingiu muitas pessoas que agora est\u00e3o imunizadas.<\/p>\n\n\n\n<p>\u201cNesse momento de flexibiliza\u00e7\u00e3o lenta e gradual, eu gosto de enfatizar que as pessoas n\u00e3o devem entender que todos j\u00e1 podem circular pelas ruas, pela orla mar\u00edtima e liberar tudo, n\u00e3o \u00e9 isso. Se isso acontecer, vamos ter que retroagir, como est\u00e1 acontecendo em Porto Alegre, Curitiba, Belo Horizonte e no interior do Rio Grande do Sul, e \u00e9 isso que estamos tentando evitar na Para\u00edba\u201d, alertou.<\/p>\n\n\n\n<p><em>PB Online<\/em><\/p>\n","protected":false},"excerpt":{"rendered":"<p>O Minist\u00e9rio P\u00fablico da Para\u00edba (MPPB) est\u00e1 de olho nos munic\u00edpios que n\u00e3o est\u00e3o cumprindo o alerta das bandeiras determinadas pelo decreto do governo do&hellip; <\/p>\n","protected":false},"author":2,"featured_media":175494,"comment_status":"closed","ping_status":"closed","sticky":false,"template":"","format":"standard","meta":{"sfsi_plus_gutenberg_text_before_share":"","sfsi_plus_gutenberg_show_text_before_share":"","sfsi_plus_gutenberg_icon_type":"","sfsi_plus_gutenberg_icon_alignemt":"","sfsi_plus_gutenburg_max_per_row":"","footnotes":""},"categories":[2],"tags":[],"class_list":["post-175493","post","type-post","status-publish","format-standard","has-post-thumbnail","hentry","category-geral"],"_links":{"self":[{"href":"https:\/\/www.caririemacao.com\/1\/wp-json\/wp\/v2\/posts\/175493","targetHints":{"allow":["GET"]}}],"collection":[{"href":"https:\/\/www.caririemacao.com\/1\/wp-json\/wp\/v2\/posts"}],"about":[{"href":"https:\/\/www.caririemacao.com\/1\/wp-json\/wp\/v2\/types\/post"}],"author":[{"embeddable":true,"href":"https:\/\/www.caririemacao.com\/1\/wp-json\/wp\/v2\/users\/2"}],"replies":[{"embeddable":true,"href":"https:\/\/www.caririemacao.com\/1\/wp-json\/wp\/v2\/comments?post=175493"}],"version-history":[{"count":1,"href":"https:\/\/www.caririemacao.com\/1\/wp-json\/wp\/v2\/posts\/175493\/revisions"}],"predecessor-version":[{"id":175495,"href":"https:\/\/www.caririemacao.com\/1\/wp-json\/wp\/v2\/posts\/175493\/revisions\/175495"}],"wp:featuredmedia":[{"embeddable":true,"href":"https:\/\/www.caririemacao.com\/1\/wp-json\/wp\/v2\/media\/175494"}],"wp:attachment":[{"href":"https:\/\/www.caririemacao.com\/1\/wp-json\/wp\/v2\/media?parent=175493"}],"wp:term":[{"taxonomy":"category","embeddable":true,"href":"https:\/\/www.caririemacao.com\/1\/wp-json\/wp\/v2\/categories?post=175493"},{"taxonomy":"post_tag","embeddable":true,"href":"https:\/\/www.caririemacao.com\/1\/wp-json\/wp\/v2\/tags?post=175493"}],"curies":[{"name":"wp","href":"https:\/\/api.w.org\/{rel}","templated":true}]}}