{"id":175497,"date":"2020-06-23T06:56:07","date_gmt":"2020-06-23T09:56:07","guid":{"rendered":"https:\/\/www.caririemacao.com\/1\/?p=175497"},"modified":"2020-06-23T06:56:07","modified_gmt":"2020-06-23T09:56:07","slug":"joao-azevedo-anuncia-programa-de-geracao-de-emprego-e-renda-para-combate-a-crise-provocada-pela-covid-19","status":"publish","type":"post","link":"https:\/\/www.caririemacao.com\/1\/2020\/06\/23\/joao-azevedo-anuncia-programa-de-geracao-de-emprego-e-renda-para-combate-a-crise-provocada-pela-covid-19\/","title":{"rendered":"Jo\u00e3o Azev\u00eado anuncia programa de gera\u00e7\u00e3o de emprego e renda para combate \u00e0 crise provocada pela covid-19"},"content":{"rendered":"\n<h1 class=\"wp-block-heading\"><\/h1>\n\n\n\n<p>Na primeira semana de julho est\u00e1 previsto o lan\u00e7amento do programa de gera\u00e7\u00e3o e renda para todo o Estado. A informa\u00e7\u00e3o foi dada pelo governador da Para\u00edba, Jo\u00e3o Azev\u00eado (Cidadania) durante o Programa Fala Governador desta segunda-feira (22).&nbsp;<\/p>\n\n\n\n<p>De acordo com o governador, o programa colocar\u00e1 em pr\u00e1tica um pacote de obras que far\u00e1 a retomada de a\u00e7\u00f5es que estavam em funcionamento e foram suspensas por conta da pandemia provocada pela covid-19. Ele informou que novas obras ter\u00e3o seus editais lan\u00e7ados para que, de forma conjunta, possam garantir a retomada do desenvolvimento da economia do Estado da Para\u00edba.<\/p>\n","protected":false},"excerpt":{"rendered":"<p>Na primeira semana de julho est\u00e1 previsto o lan\u00e7amento do programa de gera\u00e7\u00e3o e renda para todo o Estado. A informa\u00e7\u00e3o foi dada pelo governador&hellip; <\/p>\n","protected":false},"author":2,"featured_media":175498,"comment_status":"closed","ping_status":"closed","sticky":false,"template":"","format":"standard","meta":{"sfsi_plus_gutenberg_text_before_share":"","sfsi_plus_gutenberg_show_text_before_share":"","sfsi_plus_gutenberg_icon_type":"","sfsi_plus_gutenberg_icon_alignemt":"","sfsi_plus_gutenburg_max_per_row":"","footnotes":""},"categories":[2],"tags":[],"class_list":["post-175497","post","type-post","status-publish","format-standard","has-post-thumbnail","hentry","category-geral"],"_links":{"self":[{"href":"https:\/\/www.caririemacao.com\/1\/wp-json\/wp\/v2\/posts\/175497","targetHints":{"allow":["GET"]}}],"collection":[{"href":"https:\/\/www.caririemacao.com\/1\/wp-json\/wp\/v2\/posts"}],"about":[{"href":"https:\/\/www.caririemacao.com\/1\/wp-json\/wp\/v2\/types\/post"}],"author":[{"embeddable":true,"href":"https:\/\/www.caririemacao.com\/1\/wp-json\/wp\/v2\/users\/2"}],"replies":[{"embeddable":true,"href":"https:\/\/www.caririemacao.com\/1\/wp-json\/wp\/v2\/comments?post=175497"}],"version-history":[{"count":1,"href":"https:\/\/www.caririemacao.com\/1\/wp-json\/wp\/v2\/posts\/175497\/revisions"}],"predecessor-version":[{"id":175499,"href":"https:\/\/www.caririemacao.com\/1\/wp-json\/wp\/v2\/posts\/175497\/revisions\/175499"}],"wp:featuredmedia":[{"embeddable":true,"href":"https:\/\/www.caririemacao.com\/1\/wp-json\/wp\/v2\/media\/175498"}],"wp:attachment":[{"href":"https:\/\/www.caririemacao.com\/1\/wp-json\/wp\/v2\/media?parent=175497"}],"wp:term":[{"taxonomy":"category","embeddable":true,"href":"https:\/\/www.caririemacao.com\/1\/wp-json\/wp\/v2\/categories?post=175497"},{"taxonomy":"post_tag","embeddable":true,"href":"https:\/\/www.caririemacao.com\/1\/wp-json\/wp\/v2\/tags?post=175497"}],"curies":[{"name":"wp","href":"https:\/\/api.w.org\/{rel}","templated":true}]}}