{"id":175501,"date":"2020-06-23T07:41:32","date_gmt":"2020-06-23T10:41:32","guid":{"rendered":"https:\/\/www.caririemacao.com\/1\/?p=175501"},"modified":"2020-06-23T07:41:32","modified_gmt":"2020-06-23T10:41:32","slug":"ministro-do-desenvolvimento-regional-visita-a-paraiba-nesta-terca-feira-para-entrega-de-dessalinizadores","status":"publish","type":"post","link":"https:\/\/www.caririemacao.com\/1\/2020\/06\/23\/ministro-do-desenvolvimento-regional-visita-a-paraiba-nesta-terca-feira-para-entrega-de-dessalinizadores\/","title":{"rendered":"Ministro do Desenvolvimento Regional visita a Para\u00edba nesta ter\u00e7a-feira para entrega de dessalinizadores"},"content":{"rendered":"\n<h1 class=\"wp-block-heading\"><\/h1>\n\n\n\n<p>O ministro do Desenvolvimento Regional, Rog\u00e9rio Marinho, estar\u00e1 na Para\u00edba, nesta ter\u00e7a-feira (23), para visitar obras e entregar simbolicamente um dessalinizador de \u00e1gua no Estado. A a\u00e7\u00e3o faz parte do Projeto \u00c1gua Doce onde j\u00e1 foram entregues e est\u00e3o em funcionamento 40, segundo informou o governador da Para\u00edba, Jo\u00e3o Azev\u00eado, durante o Programa Fala Governador, na R\u00e1dio tabajara, nesta segunda-feira (22).&nbsp;<\/p>\n\n\n\n<p>\u201cPrimeiro visita uma obra de suma import\u00e2ncia para o desenvolvimento da agricultura, desenvolvimento econ\u00f4mico do Estado que \u00e9 a obra do canal Cau\u00e3-Ara\u00e7agi. Ele chega \u00e0s 8h da manh\u00e3, far\u00e1 uma visita l\u00e1 na tomada de \u00e1gua do canal e depois vai se deslocar ao s\u00edtio Tabocas. L\u00e1, de forma simbol\u00f3gica, vai inaugurar um dessalinizador, representando os 40 dessanilizadores do programa \u00e1gua doce que j\u00e1 est\u00e3o prontos e entregues a popula\u00e7\u00e3o\u201d, informou.<\/p>\n\n\n\n<p>Logo ap\u00f3s, o ministro far\u00e1 um sobrevoo no canal, em seguida, passa por Campina Grande e no final da tarde, volta para Jo\u00e3o Pessoa, onde participa de uma reuni\u00e3o presencial, no Pal\u00e1cio, com o governador. Ser\u00e3o tratadas quest\u00f5es de obras em andamento com parceria do Governo Federal e outras obras que ainda n\u00e3o foram aprovadas pelo Minist\u00e9rio do Desenvolvimento Regional.&nbsp; Al\u00e9m disso, a pauta ainda inclui a discuss\u00e3o sobre a conclus\u00e3o da obra da adutora translitor\u00e2nea e tamb\u00e9m o destravamento de um conjunto habitacional em Patos.&nbsp;<\/p>\n","protected":false},"excerpt":{"rendered":"<p>O ministro do Desenvolvimento Regional, Rog\u00e9rio Marinho, estar\u00e1 na Para\u00edba, nesta ter\u00e7a-feira (23), para visitar obras e entregar simbolicamente um dessalinizador de \u00e1gua no Estado.&hellip; <\/p>\n","protected":false},"author":2,"featured_media":175502,"comment_status":"closed","ping_status":"closed","sticky":false,"template":"","format":"standard","meta":{"sfsi_plus_gutenberg_text_before_share":"","sfsi_plus_gutenberg_show_text_before_share":"","sfsi_plus_gutenberg_icon_type":"","sfsi_plus_gutenberg_icon_alignemt":"","sfsi_plus_gutenburg_max_per_row":"","footnotes":""},"categories":[2],"tags":[],"class_list":["post-175501","post","type-post","status-publish","format-standard","has-post-thumbnail","hentry","category-geral"],"_links":{"self":[{"href":"https:\/\/www.caririemacao.com\/1\/wp-json\/wp\/v2\/posts\/175501","targetHints":{"allow":["GET"]}}],"collection":[{"href":"https:\/\/www.caririemacao.com\/1\/wp-json\/wp\/v2\/posts"}],"about":[{"href":"https:\/\/www.caririemacao.com\/1\/wp-json\/wp\/v2\/types\/post"}],"author":[{"embeddable":true,"href":"https:\/\/www.caririemacao.com\/1\/wp-json\/wp\/v2\/users\/2"}],"replies":[{"embeddable":true,"href":"https:\/\/www.caririemacao.com\/1\/wp-json\/wp\/v2\/comments?post=175501"}],"version-history":[{"count":1,"href":"https:\/\/www.caririemacao.com\/1\/wp-json\/wp\/v2\/posts\/175501\/revisions"}],"predecessor-version":[{"id":175503,"href":"https:\/\/www.caririemacao.com\/1\/wp-json\/wp\/v2\/posts\/175501\/revisions\/175503"}],"wp:featuredmedia":[{"embeddable":true,"href":"https:\/\/www.caririemacao.com\/1\/wp-json\/wp\/v2\/media\/175502"}],"wp:attachment":[{"href":"https:\/\/www.caririemacao.com\/1\/wp-json\/wp\/v2\/media?parent=175501"}],"wp:term":[{"taxonomy":"category","embeddable":true,"href":"https:\/\/www.caririemacao.com\/1\/wp-json\/wp\/v2\/categories?post=175501"},{"taxonomy":"post_tag","embeddable":true,"href":"https:\/\/www.caririemacao.com\/1\/wp-json\/wp\/v2\/tags?post=175501"}],"curies":[{"name":"wp","href":"https:\/\/api.w.org\/{rel}","templated":true}]}}