{"id":175505,"date":"2020-06-23T07:43:38","date_gmt":"2020-06-23T10:43:38","guid":{"rendered":"https:\/\/www.caririemacao.com\/1\/?p=175505"},"modified":"2020-06-23T07:43:38","modified_gmt":"2020-06-23T10:43:38","slug":"registros-de-casos-de-dengue-na-paraiba-caem-durante-pandemia","status":"publish","type":"post","link":"https:\/\/www.caririemacao.com\/1\/2020\/06\/23\/registros-de-casos-de-dengue-na-paraiba-caem-durante-pandemia\/","title":{"rendered":"Registros de casos de dengue na Para\u00edba caem durante pandemia"},"content":{"rendered":"\n<h1 class=\"wp-block-heading\"><\/h1>\n\n\n\n<p>A Secretaria de Estado da Sa\u00fade (SES), por meio da Ger\u00eancia Executiva de Vigil\u00e2ncia em Sa\u00fade, divulgou nesta segunda-feira (22), o Boletim Epidemiol\u00f3gico da 24\u00aa Semana Epidemiol\u00f3gica \u2013 at\u00e9 o dia 13 de junho, o qual registra queda nos casos das arboviroses (Dengue, Chikungunya e Zika). Este \u00e9 o quinto boletim divulgado em meio \u00e0 pandemia e a SES observa que h\u00e1 uma subnotifica\u00e7\u00e3o dos casos. Neste per\u00edodo, a SES permanece com as a\u00e7\u00f5es de combate \u00e0s arboviroses em todo estado.<\/p>\n\n\n\n<p>De acordo com o Boletim, foram registrados 3.393 casos prov\u00e1veis de dengue at\u00e9 a 24\u00aa Semana Epidemiol\u00f3gica, uma queda de 68,83%, na compara\u00e7\u00e3o com o ano passado neste mesmo per\u00edodo, quando foram registrados 10.885 casos prov\u00e1veis. Em rela\u00e7\u00e3o \u00e0 Chikungunya, foram notificados 402 casos prov\u00e1veis, enquanto em 2019 houve 811 casos, o que corresponde a uma queda de 50,43%.&nbsp; Neste ano, s\u00e3o 81 casos prov\u00e1veis de Zika, representando um decr\u00e9scimo de 68,85% em compara\u00e7\u00e3o ao ano passado, com 260 casos prov\u00e1veis.&nbsp;<\/p>\n\n\n\n<p>\u201cAssim como ocorre em todos os segmentos, a pandemia tamb\u00e9m vem afetando a busca da popula\u00e7\u00e3o ao atendimento m\u00e9dico e, consequentemente, as notifica\u00e7\u00f5es das arboviroses que n\u00e3o est\u00e3o sendo realizadas. Muitas das a\u00e7\u00f5es presenciais n\u00e3o foram executadas efetivamente, mesmo assim, a SES vem realizando as a\u00e7\u00f5es de apoio junto \u00e0s Secretarias Municipais de Sa\u00fade\u201d, disse a t\u00e9cnica das Arboviroses, da SES, Carla Jaciara.&nbsp;<\/p>\n\n\n\n<p>O Governo do Estado continua realizando capacita\u00e7\u00f5es; manejos cl\u00ednicos e discuss\u00f5es de estrat\u00e9gias para o controle das doen\u00e7as.&nbsp; Com o per\u00edodo chuvoso, a SES faz diversas recomenda\u00e7\u00f5es \u00e0s Secretarias Municipais: realizar coleta de material para exames; investigar, acompanhar e encerrar os casos notificados para as tr\u00eas doen\u00e7as e sensibilizar a popula\u00e7\u00e3o para a luta no combate ao mosquito, eliminando os criadouros do Aedes Aegypti.&nbsp;<\/p>\n\n\n\n<p>Entre as a\u00e7\u00f5es, Carla tamb\u00e9m enfatizou o Projeto For\u00e7a-Tarefa, do Minist\u00e9rio da Sa\u00fade, que tem o objetivo de apoiar o trabalho das Secretarias de Sa\u00fade dos Estados para dar suporte \u00e0s a\u00e7\u00f5es que estavam programadas, mas n\u00e3o foram realizadas, devido \u00e0 pandemia. \u201cEste Projeto integra as a\u00e7\u00f5es de vigil\u00e2ncia em sa\u00fade e aten\u00e7\u00e3o prim\u00e1ria para o fortalecimento do SUS. Al\u00e9m disso, s\u00e3o envolvidos os apoiadores dos munic\u00edpios e do Cosems\u201d, falou.<\/p>\n\n\n\n<p>E, no que diz respeito \u00e0 assist\u00eancia, como as tr\u00eas doen\u00e7as (Dengue, Chikungunya e Zika) t\u00eam alguns sintomas semelhantes aos da Covid-19, a exemplo de febre e dor no corpo, a orienta\u00e7\u00e3o \u00e9 para que a pessoa que esteja sintom\u00e1tica procure os Postos de Sa\u00fade ou as UPAs.<\/p>\n","protected":false},"excerpt":{"rendered":"<p>A Secretaria de Estado da Sa\u00fade (SES), por meio da Ger\u00eancia Executiva de Vigil\u00e2ncia em Sa\u00fade, divulgou nesta segunda-feira (22), o Boletim Epidemiol\u00f3gico da 24\u00aa&hellip; <\/p>\n","protected":false},"author":2,"featured_media":175506,"comment_status":"closed","ping_status":"closed","sticky":false,"template":"","format":"standard","meta":{"sfsi_plus_gutenberg_text_before_share":"","sfsi_plus_gutenberg_show_text_before_share":"","sfsi_plus_gutenberg_icon_type":"","sfsi_plus_gutenberg_icon_alignemt":"","sfsi_plus_gutenburg_max_per_row":"","footnotes":""},"categories":[16],"tags":[],"class_list":["post-175505","post","type-post","status-publish","format-standard","has-post-thumbnail","hentry","category-saude"],"_links":{"self":[{"href":"https:\/\/www.caririemacao.com\/1\/wp-json\/wp\/v2\/posts\/175505","targetHints":{"allow":["GET"]}}],"collection":[{"href":"https:\/\/www.caririemacao.com\/1\/wp-json\/wp\/v2\/posts"}],"about":[{"href":"https:\/\/www.caririemacao.com\/1\/wp-json\/wp\/v2\/types\/post"}],"author":[{"embeddable":true,"href":"https:\/\/www.caririemacao.com\/1\/wp-json\/wp\/v2\/users\/2"}],"replies":[{"embeddable":true,"href":"https:\/\/www.caririemacao.com\/1\/wp-json\/wp\/v2\/comments?post=175505"}],"version-history":[{"count":1,"href":"https:\/\/www.caririemacao.com\/1\/wp-json\/wp\/v2\/posts\/175505\/revisions"}],"predecessor-version":[{"id":175507,"href":"https:\/\/www.caririemacao.com\/1\/wp-json\/wp\/v2\/posts\/175505\/revisions\/175507"}],"wp:featuredmedia":[{"embeddable":true,"href":"https:\/\/www.caririemacao.com\/1\/wp-json\/wp\/v2\/media\/175506"}],"wp:attachment":[{"href":"https:\/\/www.caririemacao.com\/1\/wp-json\/wp\/v2\/media?parent=175505"}],"wp:term":[{"taxonomy":"category","embeddable":true,"href":"https:\/\/www.caririemacao.com\/1\/wp-json\/wp\/v2\/categories?post=175505"},{"taxonomy":"post_tag","embeddable":true,"href":"https:\/\/www.caririemacao.com\/1\/wp-json\/wp\/v2\/tags?post=175505"}],"curies":[{"name":"wp","href":"https:\/\/api.w.org\/{rel}","templated":true}]}}