{"id":175513,"date":"2020-06-23T07:51:14","date_gmt":"2020-06-23T10:51:14","guid":{"rendered":"https:\/\/www.caririemacao.com\/1\/?p=175513"},"modified":"2020-06-23T07:51:14","modified_gmt":"2020-06-23T10:51:14","slug":"uniao-nao-aguenta-diz-bolsonaro-sobre-prorrogacao-do-auxilio-emergencial-de-r-600","status":"publish","type":"post","link":"https:\/\/www.caririemacao.com\/1\/2020\/06\/23\/uniao-nao-aguenta-diz-bolsonaro-sobre-prorrogacao-do-auxilio-emergencial-de-r-600\/","title":{"rendered":"Uni\u00e3o n\u00e3o aguenta\u2019, diz Bolsonaro sobre prorroga\u00e7\u00e3o do aux\u00edlio emergencial de R$ 600"},"content":{"rendered":"\n<h1 class=\"wp-block-heading\"><\/h1>\n\n\n\n<p>\u2014 O Paulo Guedes decidiu pagar a quarta e a quinta (parcelas), falta acertar o valor. A Uni\u00e3o n\u00e3o aguenta outro desse mesmo montante, que por m\u00eas nos custa R$ 50 bilh\u00f5es. Se o pa\u00eds se endividar demais, teremos problema \u2014 disse em entrevista ao novo canal do Grupo Bandeirantes, o AgroMais.<\/p>\n\n\n\n<p>A proposta do governo \u00e9 contr\u00e1ria ao que tem defendido o presidente da C\u00e2mara, Rodrigo Maia. No fim de semana, Maia voltou a defender a prorroga\u00e7\u00e3o do benef\u00edcio no valor atual de R$ 600 por at\u00e9 tr\u00eas meses. \u201cA todos que me perguntam sobre o aux\u00edlio emergencial: sou a favor da prorroga\u00e7\u00e3o do aux\u00edlio de R$ 600 por mais 2 ou 3 meses\u201d, comentou em uma rede social.<\/p>\n\n\n\n<p>Apesar de afirmar que o novo valor ser\u00e1 negociado com a C\u00e2mara e com o Senado, Bolsonaro foi enf\u00e1tico ao defender um valor abaixo do que \u00e9 pago atualmente aos trabalhadores informais afetados pela pandemia.<\/p>\n\n\n\n<p>\u2014 Vai ser negociado com a C\u00e2mara, com o presidente da C\u00e2mara, com o presidente do Senado, para poder ter um valor um pouco mais baixo e prorrogar. Por mais dois meses talvez a gente suporte, mas n\u00e3o com o valor cheio de R$ 600.<\/p>\n\n\n\n<p>A equipe econ\u00f4mica fala em ampliar o benef\u00edcio por dois meses no valor de R$ 300 cada parcela. O argumento \u00e9 que \u00e9 preciso levar em considera\u00e7\u00e3o o alto endividamento do governo federal com as medidas adotadas no enfrentamento ao Covid-19.<\/p>\n\n\n\n<p>At\u00e9 o momento, segundo a Caixa Econ\u00f4mica Federal, o benef\u00edcio foi pago a 64,1 milh\u00f5es de pessoas no valor total de R$ 83 bilh\u00f5es, considerando a primeira, segunda e parte da terceira parcela.<\/p>\n","protected":false},"excerpt":{"rendered":"<p>\u2014 O Paulo Guedes decidiu pagar a quarta e a quinta (parcelas), falta acertar o valor. A Uni\u00e3o n\u00e3o aguenta outro desse mesmo montante, que&hellip; <\/p>\n","protected":false},"author":2,"featured_media":175514,"comment_status":"closed","ping_status":"closed","sticky":false,"template":"","format":"standard","meta":{"sfsi_plus_gutenberg_text_before_share":"","sfsi_plus_gutenberg_show_text_before_share":"","sfsi_plus_gutenberg_icon_type":"","sfsi_plus_gutenberg_icon_alignemt":"","sfsi_plus_gutenburg_max_per_row":"","footnotes":""},"categories":[11],"tags":[],"class_list":["post-175513","post","type-post","status-publish","format-standard","has-post-thumbnail","hentry","category-politica"],"_links":{"self":[{"href":"https:\/\/www.caririemacao.com\/1\/wp-json\/wp\/v2\/posts\/175513","targetHints":{"allow":["GET"]}}],"collection":[{"href":"https:\/\/www.caririemacao.com\/1\/wp-json\/wp\/v2\/posts"}],"about":[{"href":"https:\/\/www.caririemacao.com\/1\/wp-json\/wp\/v2\/types\/post"}],"author":[{"embeddable":true,"href":"https:\/\/www.caririemacao.com\/1\/wp-json\/wp\/v2\/users\/2"}],"replies":[{"embeddable":true,"href":"https:\/\/www.caririemacao.com\/1\/wp-json\/wp\/v2\/comments?post=175513"}],"version-history":[{"count":1,"href":"https:\/\/www.caririemacao.com\/1\/wp-json\/wp\/v2\/posts\/175513\/revisions"}],"predecessor-version":[{"id":175515,"href":"https:\/\/www.caririemacao.com\/1\/wp-json\/wp\/v2\/posts\/175513\/revisions\/175515"}],"wp:featuredmedia":[{"embeddable":true,"href":"https:\/\/www.caririemacao.com\/1\/wp-json\/wp\/v2\/media\/175514"}],"wp:attachment":[{"href":"https:\/\/www.caririemacao.com\/1\/wp-json\/wp\/v2\/media?parent=175513"}],"wp:term":[{"taxonomy":"category","embeddable":true,"href":"https:\/\/www.caririemacao.com\/1\/wp-json\/wp\/v2\/categories?post=175513"},{"taxonomy":"post_tag","embeddable":true,"href":"https:\/\/www.caririemacao.com\/1\/wp-json\/wp\/v2\/tags?post=175513"}],"curies":[{"name":"wp","href":"https:\/\/api.w.org\/{rel}","templated":true}]}}