{"id":175522,"date":"2020-06-23T08:04:01","date_gmt":"2020-06-23T11:04:01","guid":{"rendered":"https:\/\/www.caririemacao.com\/1\/?p=175522"},"modified":"2020-06-23T08:04:01","modified_gmt":"2020-06-23T11:04:01","slug":"ccj-aprova-criacao-do-dia-estadual-em-memoria-as-vitimas-da-covid-19","status":"publish","type":"post","link":"https:\/\/www.caririemacao.com\/1\/2020\/06\/23\/ccj-aprova-criacao-do-dia-estadual-em-memoria-as-vitimas-da-covid-19\/","title":{"rendered":"CCJ aprova cria\u00e7\u00e3o do Dia Estadual em Mem\u00f3ria as V\u00edtimas da Covid-19"},"content":{"rendered":"\n<h3 class=\"wp-block-heading\"><\/h3>\n\n\n\n<p><\/p>\n\n\n\n<hr class=\"wp-block-separator\"\/>\n\n\n\n<p>A Comiss\u00e3o de Constitui\u00e7\u00e3o, Justi\u00e7a e Reda\u00e7\u00e3o (CCJ) aprovou nesta segunda-feira (22) a inclus\u00e3o no calend\u00e1rio oficial da Para\u00edba do Dia Estadual em Mem\u00f3ria \u00e0s V\u00edtimas em decorr\u00eancia da Pandemia (Covid-19). O Projeto de Lei 1.733\/2020 \u00e9 de autoria do presidente da Assembleia, Adriano Galdino, e estabelece o dia 9 de maio para homenagear as v\u00edtimas.<\/p>\n\n\n\n<p>O presidente Adriano Galdino ressalta que, de acordo com o Minist\u00e9rio da Sa\u00fade, no dia 9 de maio o pa\u00eds ultrapassou a triste marca de 10 mil mortes por causa da pandemia. \u201cO projeto tem por finalidade prestar solidariedade \u00e0s fam\u00edlias que perderam seus entes queridos em decorr\u00eancia do novo coronav\u00edrus\u201d, justificou, Galdino.<\/p>\n\n\n\n<p>\u201c\u00c9 importante que a gente possa parar e refletir. N\u00e3o s\u00e3o n\u00fameros, s\u00e3o fam\u00edlias que neste momento est\u00e3o enlutadas por terem perdido pessoas queridas de forma inesperada\u201d, analisou a presidente da Comiss\u00e3o, deputada Pollyana Dutra. A parlamentar parabenizou os membros da casa que, em sua avalia\u00e7\u00e3o, t\u00eam trabalhado arduamente com o intuito de apresentar mat\u00e9rias que possam amenizar o sofrimento dos paraibanos diante da pandemia.<\/p>\n\n\n\n<p>Os membros da CCJ tamb\u00e9m aprovaram o PL 1.734\/2020, do deputado Nabor Wanderley, obrigando os munic\u00edpios que receberem recursos financeiros para enfrentamento da pandemia a prestarem contas atrav\u00e9s de seus sites oficiais. \u201cEsta Casa, atrav\u00e9s de Decreto Legislativo, autorizou o descumprimento da meta fiscal e dentro dos princ\u00edpios da administra\u00e7\u00e3o p\u00fablica a gente fazer valer a legalidade, a imparcialidade, a impessoalidade, a efici\u00eancia, a transpar\u00eancia e a moralidade. Estamos em ano de elei\u00e7\u00f5es municipais e \u00e9 relevante que esses itens estejam presentes no uso dos recursos da Covid-19\u201d, declarou a presidente da CCJ, Pollyanna Dutra. O texto determina que sejam p\u00fablicas informa\u00e7\u00f5es como: valores recebidos, empresas que forneceram bens ou materiais, ou que prestaram servi\u00e7os, al\u00e9m comprovantes de como foram empregados os recursos obtidos.<\/p>\n\n\n\n<p>Do deputado Wallber Virgolino, a Comiss\u00e3o aprovou o PL 1.693\/2020, criando o Comit\u00ea Intersetorial, no Estado da Para\u00edba, composto por entidades de representantes de empresas, trabalhadores, dos poderes p\u00fablicos e da sociedade civil organizada, a fim de estudar a reabertura gradativa do com\u00e9rcio, escolas, igrejas e \u00f3rg\u00e3os p\u00fablicos. O intuito do Comit\u00ea ser\u00e1 o de mobilizar empresas, trabalhadores, universidades, entidades religiosas e governo estadual a fim de gerar emprego, ocupa\u00e7\u00e3o e renda para os cidad\u00e3os paraibanos que estiverem em situa\u00e7\u00e3o de vulnerabilidade ap\u00f3s passarem por situa\u00e7\u00e3o de epidemia. \u201cPrecisamos dar voz a essas pessoas, que precisam ser ouvidas. Temos que come\u00e7ar a ouvir para que elas possam dizer o que est\u00e3o fazendo para retomar suas atividades\u201d, observou a deputada Camila Toscano.<\/p>\n\n\n\n<p>Tamb\u00e9m participaram da reuni\u00e3o os deputados Taciano Diniz, Wallber Virgolino e Wilson Filho.<\/p>\n","protected":false},"excerpt":{"rendered":"<p>A Comiss\u00e3o de Constitui\u00e7\u00e3o, Justi\u00e7a e Reda\u00e7\u00e3o (CCJ) aprovou nesta segunda-feira (22) a inclus\u00e3o no calend\u00e1rio oficial da Para\u00edba do Dia Estadual em Mem\u00f3ria \u00e0s&hellip; <\/p>\n","protected":false},"author":2,"featured_media":175523,"comment_status":"closed","ping_status":"closed","sticky":false,"template":"","format":"standard","meta":{"sfsi_plus_gutenberg_text_before_share":"","sfsi_plus_gutenberg_show_text_before_share":"","sfsi_plus_gutenberg_icon_type":"","sfsi_plus_gutenberg_icon_alignemt":"","sfsi_plus_gutenburg_max_per_row":"","footnotes":""},"categories":[2],"tags":[],"class_list":["post-175522","post","type-post","status-publish","format-standard","has-post-thumbnail","hentry","category-geral"],"_links":{"self":[{"href":"https:\/\/www.caririemacao.com\/1\/wp-json\/wp\/v2\/posts\/175522","targetHints":{"allow":["GET"]}}],"collection":[{"href":"https:\/\/www.caririemacao.com\/1\/wp-json\/wp\/v2\/posts"}],"about":[{"href":"https:\/\/www.caririemacao.com\/1\/wp-json\/wp\/v2\/types\/post"}],"author":[{"embeddable":true,"href":"https:\/\/www.caririemacao.com\/1\/wp-json\/wp\/v2\/users\/2"}],"replies":[{"embeddable":true,"href":"https:\/\/www.caririemacao.com\/1\/wp-json\/wp\/v2\/comments?post=175522"}],"version-history":[{"count":1,"href":"https:\/\/www.caririemacao.com\/1\/wp-json\/wp\/v2\/posts\/175522\/revisions"}],"predecessor-version":[{"id":175524,"href":"https:\/\/www.caririemacao.com\/1\/wp-json\/wp\/v2\/posts\/175522\/revisions\/175524"}],"wp:featuredmedia":[{"embeddable":true,"href":"https:\/\/www.caririemacao.com\/1\/wp-json\/wp\/v2\/media\/175523"}],"wp:attachment":[{"href":"https:\/\/www.caririemacao.com\/1\/wp-json\/wp\/v2\/media?parent=175522"}],"wp:term":[{"taxonomy":"category","embeddable":true,"href":"https:\/\/www.caririemacao.com\/1\/wp-json\/wp\/v2\/categories?post=175522"},{"taxonomy":"post_tag","embeddable":true,"href":"https:\/\/www.caririemacao.com\/1\/wp-json\/wp\/v2\/tags?post=175522"}],"curies":[{"name":"wp","href":"https:\/\/api.w.org\/{rel}","templated":true}]}}