{"id":175547,"date":"2020-06-23T08:31:00","date_gmt":"2020-06-23T11:31:00","guid":{"rendered":"https:\/\/www.caririemacao.com\/1\/?p=175547"},"modified":"2020-06-23T08:31:00","modified_gmt":"2020-06-23T11:31:00","slug":"militares-montam-operacao-de-guerra-para-salvar-governo-bolsonaro","status":"publish","type":"post","link":"https:\/\/www.caririemacao.com\/1\/2020\/06\/23\/militares-montam-operacao-de-guerra-para-salvar-governo-bolsonaro\/","title":{"rendered":"Militares montam opera\u00e7\u00e3o de guerra para \u201csalvar\u201d governo Bolsonaro"},"content":{"rendered":"\n<h2 class=\"wp-block-heading\"><\/h2>\n\n\n\n<p>Militares com assento no Pal\u00e1cio do Planalto e integrantes da ativa das For\u00e7as Armadas decidiram montar uma opera\u00e7\u00e3o de guerra para tentar \u201csalvar\u201d o governo de Jair Bolsonaro, que enfrenta sua maior crise.<br><br><br>&nbsp;<br>Essa opera\u00e7\u00e3o de salvamento come\u00e7ou a ser executada h\u00e1 pelo menos um m\u00eas, mas ganhou for\u00e7a total na semana passada, depois da pris\u00e3o de Fabr\u00edcio Queiroz, amigo do presidente da Rep\u00fablica e ex-assessor do senador Fl\u00e1vio Bolsonaro.<br>&nbsp;<br><br><br><br>Queiroz seria o respons\u00e1vel pelo esquema de rachadinha no gabinete do ent\u00e3o deputado Fl\u00e1vio na Assembleia Legislativa no Rio de Janeiro. Ele foi preso em um s\u00edtio em Atibaia, de propriedade do advogado Frederick Wassef, que defendia o presidente e o senador.<br><br><br><br><br>&nbsp;<br>Os militares v\u00eam tentando pavimentar uma ponte para melhorar as rela\u00e7\u00f5es de Bolsonaro com o Judici\u00e1rio, sobretudo com os ministros do Supremo Tribunal Federal (STF). A mais alta corte do pa\u00eds conduz dois inqu\u00e9ritos que podem resultar em estragos monumentais ao governo. Um se refere \u00e0 dissemina\u00e7\u00e3o de fake news; outro, ao financiamento de manifesta\u00e7\u00f5es antidemocr\u00e1ticas.<br>&nbsp;<br><br><br><br>Partiu dos militares do Planalto a ideia de enviar, na semana passada, tr\u00eas emiss\u00e1rios do governo para um encontro com o ministro Alexandre de Moraes, em S\u00e3o Paulo. Ele \u00e9 o respons\u00e1vel pelos dois inqu\u00e9ritos que podem pegar dois filhos do presidente \u2014 Carlos e Eduardo \u2014 por espalharem not\u00edcias falsas e parlamentares da base bolsonaristas por estarem por tr\u00e1s de atos que pregam o fechamento do STF e do Congresso.<br><br><br><br>&nbsp;<br>Esses inqu\u00e9ritos do STF v\u00e3o se cruzar, em algum momento, com os processos que tramitam no Tribunal Superior Eleitoral (TSE). Todos pedem a cassa\u00e7\u00e3o da chapa Bolsonaro-Mour\u00e3o.<br>&nbsp;<br>Rela\u00e7\u00f5es conturbadas<br>&nbsp;<br><br><br><br>O trabalho dos militares tem sido o de evitar qualquer novo confronto de Bolsonaro com o Judici\u00e1rio. Eles, inclusive, ressaltam que, se com o STF a rela\u00e7\u00e3o \u00e9 conturbada, com o Superior Tribunal de Justi\u00e7a (STJ) tudo caminha de forma bem tranquila. Tamb\u00e9m pretendem evitar os arroubos do presidente na porta do Alvorada com apoiadores.<br>&nbsp;<br>A opera\u00e7\u00e3o de guerra conseguiu, pelo menos por hora, segurar todos os processos de impeachment de Bolsonaro que deram entrada na C\u00e2mara dos Deputados. Al\u00e9m de conversarem diariamente com o presidente da C\u00e2mara, Rodrigo Maia, respons\u00e1vel por abrir os processos de afastamento do presidente, os fardados constru\u00edram uma base de apoio importante com o Centr\u00e3o.<br>&nbsp;<br>Ao assumirem, de peito aberto, a defesa do governo, os militares sabem que est\u00e3o colocando em risco a imagem das For\u00e7as Armadas. Mas todos que est\u00e3o envolvidos na opera\u00e7\u00e3o de guerra acreditam que ainda \u00e9 poss\u00edvel salvar o mandato de Bolsonaro. O tempo dir\u00e1 se est\u00e3o certos.<\/p>\n","protected":false},"excerpt":{"rendered":"<p>Militares com assento no Pal\u00e1cio do Planalto e integrantes da ativa das For\u00e7as Armadas decidiram montar uma opera\u00e7\u00e3o de guerra para tentar \u201csalvar\u201d o governo&hellip; <\/p>\n","protected":false},"author":2,"featured_media":175548,"comment_status":"closed","ping_status":"closed","sticky":false,"template":"","format":"standard","meta":{"sfsi_plus_gutenberg_text_before_share":"","sfsi_plus_gutenberg_show_text_before_share":"","sfsi_plus_gutenberg_icon_type":"","sfsi_plus_gutenberg_icon_alignemt":"","sfsi_plus_gutenburg_max_per_row":"","footnotes":""},"categories":[11],"tags":[],"class_list":["post-175547","post","type-post","status-publish","format-standard","has-post-thumbnail","hentry","category-politica"],"_links":{"self":[{"href":"https:\/\/www.caririemacao.com\/1\/wp-json\/wp\/v2\/posts\/175547","targetHints":{"allow":["GET"]}}],"collection":[{"href":"https:\/\/www.caririemacao.com\/1\/wp-json\/wp\/v2\/posts"}],"about":[{"href":"https:\/\/www.caririemacao.com\/1\/wp-json\/wp\/v2\/types\/post"}],"author":[{"embeddable":true,"href":"https:\/\/www.caririemacao.com\/1\/wp-json\/wp\/v2\/users\/2"}],"replies":[{"embeddable":true,"href":"https:\/\/www.caririemacao.com\/1\/wp-json\/wp\/v2\/comments?post=175547"}],"version-history":[{"count":1,"href":"https:\/\/www.caririemacao.com\/1\/wp-json\/wp\/v2\/posts\/175547\/revisions"}],"predecessor-version":[{"id":175549,"href":"https:\/\/www.caririemacao.com\/1\/wp-json\/wp\/v2\/posts\/175547\/revisions\/175549"}],"wp:featuredmedia":[{"embeddable":true,"href":"https:\/\/www.caririemacao.com\/1\/wp-json\/wp\/v2\/media\/175548"}],"wp:attachment":[{"href":"https:\/\/www.caririemacao.com\/1\/wp-json\/wp\/v2\/media?parent=175547"}],"wp:term":[{"taxonomy":"category","embeddable":true,"href":"https:\/\/www.caririemacao.com\/1\/wp-json\/wp\/v2\/categories?post=175547"},{"taxonomy":"post_tag","embeddable":true,"href":"https:\/\/www.caririemacao.com\/1\/wp-json\/wp\/v2\/tags?post=175547"}],"curies":[{"name":"wp","href":"https:\/\/api.w.org\/{rel}","templated":true}]}}