{"id":175555,"date":"2020-06-23T08:38:00","date_gmt":"2020-06-23T11:38:00","guid":{"rendered":"https:\/\/www.caririemacao.com\/1\/?p=175555"},"modified":"2020-06-23T08:38:00","modified_gmt":"2020-06-23T11:38:00","slug":"tse-lanca-campanha-para-incentivar-participacao-de-jovens-na-politica","status":"publish","type":"post","link":"https:\/\/www.caririemacao.com\/1\/2020\/06\/23\/tse-lanca-campanha-para-incentivar-participacao-de-jovens-na-politica\/","title":{"rendered":"TSE lan\u00e7a campanha para incentivar participa\u00e7\u00e3o de jovens na pol\u00edtica"},"content":{"rendered":"\n<h2 class=\"wp-block-heading\"><\/h2>\n\n\n\n<p>O Tribunal Superior Eleitoral (TSE) lan\u00e7ou hoje (22) uma campanha digital para incentivar a participa\u00e7\u00e3o de jovens na pol\u00edtica e nas elei\u00e7\u00f5es municipais, que ser\u00e3o realizadas no fim deste do ano.<img decoding=\"async\" data-src=\"https:\/\/agenciabrasil.ebc.com.br\/ebc.png?id=1310052&amp;o=node\" src=\"data:image\/svg+xml;base64,PHN2ZyB3aWR0aD0iMSIgaGVpZ2h0PSIxIiB4bWxucz0iaHR0cDovL3d3dy53My5vcmcvMjAwMC9zdmciPjwvc3ZnPg==\" class=\"lazyload\"><\/p>\n\n\n\n<p>De acordo com o tribunal, a medida pretende fortalecer a democracia e aumentar o debate sobre os problemas nacionais. A campanha foi intitulada &#8220;Eu na Prefeitura, Eu na C\u00e2mara&#8221;.&nbsp;<\/p>\n\n\n\n<p>Por meio da p\u00e1gina do TSE na internet, at\u00e9 3 de julho, jovens entre 16 e 25 anos podem enviar um<a href=\"http:\/\/www.tse.jus.br\/eleitor\/jovens-na-politica\/eu-na-prefeitura-eu-na-camara\" target=\"_blank\" rel=\"noreferrer noopener\">&nbsp;v\u00eddeo de 30 segundos<\/a>, respondendo sobre o que falta na sua cidade e o que poderia fazer para melhorar a situa\u00e7\u00e3o se fosse eleito prefeito ou vereador do munic\u00edpio. Os melhores v\u00eddeos v\u00e3o fazer parte de uma campanha da Justi\u00e7a Eleitoral de incentivo ao voto.<\/p>\n\n\n\n<p>Segundo o TSE, o pa\u00eds tem 1.310.194 eleitores entre 16 e 17 anos, faixa et\u00e1ria em que o voto \u00e9 facultativo.&nbsp;<\/p>\n\n\n\n<p>Inicialmente, as elei\u00e7\u00f5es municipais estavam previstas para outubro. No entanto, o Congresso Nacional cem discutindo a mudan\u00e7a da data diante do avan\u00e7o da pandemia do novo coronav\u00edrus no pa\u00eds. O adiamento \u00e9 discutido com a&nbsp;Proposta de Emenda \u00e0 Constitui\u00e7\u00e3o (PEC) 18\/2020, de autoria do senador Randolfe Rodrigues (Rede-AP).<\/p>\n","protected":false},"excerpt":{"rendered":"<p>O Tribunal Superior Eleitoral (TSE) lan\u00e7ou hoje (22) uma campanha digital para incentivar a participa\u00e7\u00e3o de jovens na pol\u00edtica e nas elei\u00e7\u00f5es municipais, que ser\u00e3o&hellip; <\/p>\n","protected":false},"author":2,"featured_media":175556,"comment_status":"closed","ping_status":"closed","sticky":false,"template":"","format":"standard","meta":{"sfsi_plus_gutenberg_text_before_share":"","sfsi_plus_gutenberg_show_text_before_share":"","sfsi_plus_gutenberg_icon_type":"","sfsi_plus_gutenberg_icon_alignemt":"","sfsi_plus_gutenburg_max_per_row":"","footnotes":""},"categories":[2],"tags":[],"class_list":["post-175555","post","type-post","status-publish","format-standard","has-post-thumbnail","hentry","category-geral"],"_links":{"self":[{"href":"https:\/\/www.caririemacao.com\/1\/wp-json\/wp\/v2\/posts\/175555","targetHints":{"allow":["GET"]}}],"collection":[{"href":"https:\/\/www.caririemacao.com\/1\/wp-json\/wp\/v2\/posts"}],"about":[{"href":"https:\/\/www.caririemacao.com\/1\/wp-json\/wp\/v2\/types\/post"}],"author":[{"embeddable":true,"href":"https:\/\/www.caririemacao.com\/1\/wp-json\/wp\/v2\/users\/2"}],"replies":[{"embeddable":true,"href":"https:\/\/www.caririemacao.com\/1\/wp-json\/wp\/v2\/comments?post=175555"}],"version-history":[{"count":1,"href":"https:\/\/www.caririemacao.com\/1\/wp-json\/wp\/v2\/posts\/175555\/revisions"}],"predecessor-version":[{"id":175557,"href":"https:\/\/www.caririemacao.com\/1\/wp-json\/wp\/v2\/posts\/175555\/revisions\/175557"}],"wp:featuredmedia":[{"embeddable":true,"href":"https:\/\/www.caririemacao.com\/1\/wp-json\/wp\/v2\/media\/175556"}],"wp:attachment":[{"href":"https:\/\/www.caririemacao.com\/1\/wp-json\/wp\/v2\/media?parent=175555"}],"wp:term":[{"taxonomy":"category","embeddable":true,"href":"https:\/\/www.caririemacao.com\/1\/wp-json\/wp\/v2\/categories?post=175555"},{"taxonomy":"post_tag","embeddable":true,"href":"https:\/\/www.caririemacao.com\/1\/wp-json\/wp\/v2\/tags?post=175555"}],"curies":[{"name":"wp","href":"https:\/\/api.w.org\/{rel}","templated":true}]}}